{"id":63051,"date":"2026-09-06T21:37:00","date_gmt":"2026-09-06T17:37:00","guid":{"rendered":"https:\/\/mecra.az\/?p=63051"},"modified":"2026-09-06T21:37:00","modified_gmt":"2026-09-06T17:37:00","slug":"18-yasli-az%c9%99rbaycanli-isvec-siyas%c9%99tind%c9%99-en-g%c9%99nc-namiz%c9%99ddir","status":"publish","type":"post","link":"https:\/\/mecra.az\/?p=63051","title":{"rendered":"18 ya\u015fl\u0131 az\u0259rbaycanl\u0131 \u0130sve\u00e7 siyas\u0259tind\u0259 &#8211; <span class=\"mecra-highlight\" style=\"color:#ff0000;\">\u018fn g\u0259nc namiz\u0259ddir<\/span>"},"content":{"rendered":"<p><strong>\u0130sve\u00e7in G<\/strong><strong>e<\/strong><strong>vle \u015f\u0259h\u0259rind\u0259 ke\u00e7iril\u0259c\u0259k b\u0259l\u0259diyy\u0259 se\u00e7kil\u0259rind\u0259 \u0259n ya\u015fl\u0131 v\u0259 \u0259n g\u0259nc namiz\u0259d diqq\u0259t \u00e7\u0259kib.<\/strong><\/p>\n<p>\u201cQafqazinfo\u201d \u0130sve\u00e7in SVT telekanal\u0131na istinad\u0259n x\u0259b\u0259r verir ki, \u201cYa\u015f\u0131llar\u201d Partiyas\u0131n\u0131n 95 ya\u015fl\u0131 n\u00fcmay\u0259nd\u0259si Ken Kubulenso v\u0259 \u201cM\u00f6t\u0259dill\u0259r\u201dd\u0259n namiz\u0259d olan 18 ya\u015fl\u0131 Rihad \u018fl\u0259kb\u0259rov Gevle b\u0259l\u0259diyy\u0259 \u015furas\u0131na se\u00e7ilm\u0259k \u00fc\u00e7\u00fcn m\u00fcbariz\u0259 apar\u0131r\u201d.<\/p>\n<p>SVT h\u0259r iki namiz\u0259di bir araya g\u0259tir\u0259r\u0259k onlar\u0131n h\u0259yat, siyas\u0259t v\u0259 c\u0259miyy\u0259tl\u0259 ba\u011fl\u0131 fikirl\u0259rini \u00f6yr\u0259nib.<\/p>\n<p>Ken Kubulenso Yamaykada anadan olub. O, \u0130kinci D\u00fcnya m\u00fcharib\u0259si ba\u015flayanda 8 ya\u015f\u0131nda olub.<\/p>\n<p>Kanal qeyd edir ki, Rihad \u018fl\u0259kb\u0259rov is\u0259 \u0130sve\u00e7d\u0259 \u201ciPhone\u201dun sat\u0131\u015fa \u00e7\u0131xar\u0131ld\u0131\u011f\u0131 ild\u0259 do\u011fulub v\u0259 c\u0259mi bir ne\u00e7\u0259 g\u00fcn \u0259vv\u0259l 18 ya\u015f\u0131n\u0131 tamamlayaraq yetkinlik ya\u015f\u0131na \u00e7at\u0131b.<\/p>\n<p>Aralar\u0131nda 77 ya\u015f f\u0259rq olmas\u0131na baxmayaraq, h\u0259r iki namiz\u0259d c\u0259miyy\u0259ti daha yax\u015f\u0131 istiqam\u0259td\u0259 d\u0259yi\u015fm\u0259k ist\u0259yi il\u0259 ortaq m\u00f6vqed\u0259dir.<\/p>\n<p>S\u00f6hb\u0259t zaman\u0131 Rihad \u018fl\u0259kb\u0259rov m\u00fcasir d\u00f6vrd\u0259 g\u0259ncl\u0259rin malik oldu\u011fu azadl\u0131qlardan dan\u0131\u015fark\u0259n, ke\u00e7mi\u015fd\u0259 insanlar\u0131n h\u0259yat\u0131n\u0131n daha sad\u0259 oldu\u011funu d\u00fc\u015f\u00fcnd\u00fcy\u00fcn\u00fc deyib.<\/p>\n<p>\u201cKe\u00e7mi\u015fd\u0259 h\u0259r \u015feyin daha sad\u0259 oldu\u011fu d\u00f6vr\u00fc ya\u015famaq ist\u0259rdim. Mobil telefonlar v\u0259 internet yox idi. Ham\u0131 eyni kanallara bax\u0131rd\u0131. \u0130nsanlar\u0131n o q\u0259d\u0259r d\u0259 \u00e7ox se\u00e7imi yox idi\u201d, \u2013 dey\u0259 o bildirib.<\/p>\n<p>Namiz\u0259dl\u0259rd\u0259n azad irad\u0259nin m\u00f6vcud olub-olmamas\u0131 da soru\u015fulub. \u018fl\u0259kb\u0259rovun fikrinc\u0259, insan\u0131n q\u0259rarlar\u0131na sosial v\u0259 psixoloji amill\u0259r, el\u0259c\u0259 d\u0259 \u0259traf m\u00fchit t\u0259sir edir. Kubulenso is\u0259 insan\u0131n yax\u015f\u0131 m\u00fchitd\u0259 oldu\u011fu zaman daha s\u0259rb\u0259st d\u00fc\u015f\u00fcn\u0259 bildiyini s\u00f6yl\u0259yib.<\/p>\n<p>Rihad \u018fl\u0259kb\u0259rov m\u00fcsahib\u0259 zaman\u0131 partiyas\u0131n\u0131n m\u00f6vqeyind\u0259n f\u0259rqli d\u00fc\u015f\u00fcnd\u00fcy\u00fc m\u0259s\u0259l\u0259l\u0259rd\u0259n birini d\u0259 a\u00e7\u0131qlay\u0131b.<\/p>\n<p>O, \u0130sve\u00e7d\u0259 alkoqol sat\u0131\u015f\u0131na t\u0259tbiq edil\u0259n d\u00f6vl\u0259t inhisar\u0131n\u0131n \u2013 \u201cSystembolaget\u201d sisteminin qorunmas\u0131n\u0131 d\u0259st\u0259kl\u0259diyini bildirib. Halbuki M\u00f6t\u0259dill\u0259r Partiyas\u0131n\u0131n bir \u00e7ox \u00fczv\u00fc bu inhisar\u0131n l\u0259\u011fvinin t\u0259r\u0259fdar\u0131d\u0131r.<\/p>\n<p>\u201cM\u0259n alkoqol inhisar\u0131n\u0131n v\u0259 alkoqol istehlak\u0131na m\u0259hdudiyy\u0259t qoyulmas\u0131n\u0131n yax\u015f\u0131 oldu\u011funu d\u00fc\u015f\u00fcn\u00fcr\u0259m. \u00d6z\u00fcm i\u00e7ki i\u00e7mir\u0259m v\u0259 bunun daha \u00e7ox insan \u00fc\u00e7\u00fcn \u0259l\u00e7atan edilm\u0259sinin t\u0259r\u0259fdar\u0131 deyil\u0259m\u201d, \u2013 dey\u0259 18 ya\u015fl\u0131 namiz\u0259d vur\u011fulay\u0131b.<\/p>\n","protected":false},"excerpt":{"rendered":"<p>\u0130sve\u00e7in Gevle \u015f\u0259h\u0259rind\u0259 ke\u00e7iril\u0259c\u0259k b\u0259l\u0259diyy\u0259 se\u00e7kil\u0259rind\u0259 \u0259n ya\u015fl\u0131 v\u0259 \u0259n g\u0259nc namiz\u0259d diqq\u0259t \u00e7\u0259kib. \u201cQafqazinfo\u201d \u0130sve\u00e7in SVT telekanal\u0131na istinad\u0259n x\u0259b\u0259r verir ki, \u201cYa\u015f\u0131llar\u201d Partiyas\u0131n\u0131n 95 ya\u015fl\u0131 n\u00fcmay\u0259nd\u0259si Ken Kubulenso v\u0259&hellip; <\/p>\n","protected":false},"author":1,"featured_media":63052,"comment_status":"open","ping_status":"open","sticky":false,"template":"","format":"standard","meta":{"footnotes":""},"categories":[55],"tags":[],"class_list":["post-63051","post","type-post","status-publish","format-standard","has-post-thumbnail","hentry","category-dunya"],"_links":{"self":[{"href":"https:\/\/mecra.az\/index.php?rest_route=\/wp\/v2\/posts\/63051","targetHints":{"allow":["GET"]}}],"collection":[{"href":"https:\/\/mecra.az\/index.php?rest_route=\/wp\/v2\/posts"}],"about":[{"href":"https:\/\/mecra.az\/index.php?rest_route=\/wp\/v2\/types\/post"}],"author":[{"embeddable":true,"href":"https:\/\/mecra.az\/index.php?rest_route=\/wp\/v2\/users\/1"}],"replies":[{"embeddable":true,"href":"https:\/\/mecra.az\/index.php?rest_route=%2Fwp%2Fv2%2Fcomments&post=63051"}],"version-history":[{"count":1,"href":"https:\/\/mecra.az\/index.php?rest_route=\/wp\/v2\/posts\/63051\/revisions"}],"predecessor-version":[{"id":63053,"href":"https:\/\/mecra.az\/index.php?rest_route=\/wp\/v2\/posts\/63051\/revisions\/63053"}],"wp:featuredmedia":[{"embeddable":true,"href":"https:\/\/mecra.az\/index.php?rest_route=\/wp\/v2\/media\/63052"}],"wp:attachment":[{"href":"https:\/\/mecra.az\/index.php?rest_route=%2Fwp%2Fv2%2Fmedia&parent=63051"}],"wp:term":[{"taxonomy":"category","embeddable":true,"href":"https:\/\/mecra.az\/index.php?rest_route=%2Fwp%2Fv2%2Fcategories&post=63051"},{"taxonomy":"post_tag","embeddable":true,"href":"https:\/\/mecra.az\/index.php?rest_route=%2Fwp%2Fv2%2Ftags&post=63051"}],"curies":[{"name":"wp","href":"https:\/\/api.w.org\/{rel}","templated":true}]}}