{"id":63049,"date":"2026-09-06T21:29:23","date_gmt":"2026-09-06T17:29:23","guid":{"rendered":"https:\/\/mecra.az\/?p=63049"},"modified":"2026-09-06T21:29:23","modified_gmt":"2026-09-06T17:29:23","slug":"bakida-leysan-bolg%c9%99l%c9%99rd%c9%99-sims%c9%99k-v%c9%99-dolu-x%c9%99b%c9%99rdarliq","status":"publish","type":"post","link":"https:\/\/mecra.az\/?p=63049","title":{"rendered":"Bak\u0131da leysan, b\u00f6lg\u0259l\u0259rd\u0259 \u015fim\u015f\u0259k v\u0259 dolu&#8230; &#8211; <span class=\"mecra-highlight\" style=\"color:#ff0000;\">X\u0259b\u0259rdarl\u0131q<\/span>"},"content":{"rendered":"<p><strong>Bak\u0131da v\u0259 Ab\u015feron yar\u0131madas\u0131nda sentyabr\u0131n 7-si g\u00fcnd\u00fczd\u0259n 8-i s\u0259h\u0259r\u0259d\u0259k b\u0259zi yerl\u0259rd\u0259 fasil\u0259l\u0259rl\u0259 ya\u011f\u0131\u015f ya\u011faca\u011f\u0131 g\u00f6zl\u0259nilir. Yar\u0131madan\u0131n ayr\u0131-ayr\u0131 yerl\u0259rind\u0259 ya\u011f\u0131\u015f\u0131n q\u0131sa m\u00fcdd\u0259t\u0259 leysan xarakterli olaca\u011f\u0131, \u015fim\u015f\u0259k \u00e7axaca\u011f\u0131 ehtimal\u0131 var.<\/strong><\/p>\n<p><a href=\"http:\/\/Mecra.az\"><strong>Mecra.az<\/strong> <\/a>x\u0259b\u0259r verir ki, bu bar\u0259d\u0259 Milli Hidrometeorologiya Xidm\u0259ti m\u0259lumat yay\u0131b.<\/p>\n<p>Az\u0259rbaycan\u0131n rayonlar\u0131nda sentyabr\u0131n 6-s\u0131 ax\u015fam saatlar\u0131ndan 8-i g\u00fcnd\u00fcz\u0259d\u0259k fasil\u0259l\u0259rl\u0259 ya\u011f\u0131\u015f ya\u011faca\u011f\u0131 g\u00f6zl\u0259nilir.<\/p>\n<p>Ayr\u0131-ayr\u0131 yerl\u0259rd\u0259 ya\u011f\u0131\u015f\u0131n leysan xarakterli intensiv olaca\u011f\u0131, \u015fim\u015f\u0259k \u00e7axaca\u011f\u0131, dolu d\u00fc\u015f\u0259c\u0259yi, 7-si ax\u015fam v\u0259 8-i gec\u0259 saatlar\u0131nda ya\u011f\u0131nt\u0131lar\u0131n q\u0131sa m\u00fcdd\u0259t\u0259 g\u00fccl\u0259n\u0259c\u0259yi, y\u00fcks\u0259k da\u011fl\u0131q \u0259razil\u0259rd\u0259 is\u0259 qara ke\u00e7\u0259c\u0259yi ehtimal olunur.<\/p>\n<p>G\u00f6zl\u0259nil\u0259n ya\u011f\u0131nt\u0131l\u0131 hava \u015f\u0259raiti il\u0259 \u0259laq\u0259dar \u00e7aylarda sululu\u011fun artaca\u011f\u0131, b\u0259zi da\u011f \u00e7aylar\u0131ndan q\u0131sam\u00fcdd\u0259tli sel ke\u00e7\u0259c\u0259yi istisna olunmur.<\/p>\n","protected":false},"excerpt":{"rendered":"<p>Bak\u0131da v\u0259 Ab\u015feron yar\u0131madas\u0131nda sentyabr\u0131n 7-si g\u00fcnd\u00fczd\u0259n 8-i s\u0259h\u0259r\u0259d\u0259k b\u0259zi yerl\u0259rd\u0259 fasil\u0259l\u0259rl\u0259 ya\u011f\u0131\u015f ya\u011faca\u011f\u0131 g\u00f6zl\u0259nilir. Yar\u0131madan\u0131n ayr\u0131-ayr\u0131 yerl\u0259rind\u0259 ya\u011f\u0131\u015f\u0131n q\u0131sa m\u00fcdd\u0259t\u0259 leysan xarakterli olaca\u011f\u0131, \u015fim\u015f\u0259k \u00e7axaca\u011f\u0131 ehtimal\u0131 var. Mecra.az x\u0259b\u0259r&hellip; <\/p>\n","protected":false},"author":1,"featured_media":41271,"comment_status":"open","ping_status":"open","sticky":false,"template":"","format":"standard","meta":{"footnotes":""},"categories":[74],"tags":[],"class_list":["post-63049","post","type-post","status-publish","format-standard","has-post-thumbnail","hentry","category-cmiyyt"],"_links":{"self":[{"href":"https:\/\/mecra.az\/index.php?rest_route=\/wp\/v2\/posts\/63049","targetHints":{"allow":["GET"]}}],"collection":[{"href":"https:\/\/mecra.az\/index.php?rest_route=\/wp\/v2\/posts"}],"about":[{"href":"https:\/\/mecra.az\/index.php?rest_route=\/wp\/v2\/types\/post"}],"author":[{"embeddable":true,"href":"https:\/\/mecra.az\/index.php?rest_route=\/wp\/v2\/users\/1"}],"replies":[{"embeddable":true,"href":"https:\/\/mecra.az\/index.php?rest_route=%2Fwp%2Fv2%2Fcomments&post=63049"}],"version-history":[{"count":1,"href":"https:\/\/mecra.az\/index.php?rest_route=\/wp\/v2\/posts\/63049\/revisions"}],"predecessor-version":[{"id":63050,"href":"https:\/\/mecra.az\/index.php?rest_route=\/wp\/v2\/posts\/63049\/revisions\/63050"}],"wp:featuredmedia":[{"embeddable":true,"href":"https:\/\/mecra.az\/index.php?rest_route=\/wp\/v2\/media\/41271"}],"wp:attachment":[{"href":"https:\/\/mecra.az\/index.php?rest_route=%2Fwp%2Fv2%2Fmedia&parent=63049"}],"wp:term":[{"taxonomy":"category","embeddable":true,"href":"https:\/\/mecra.az\/index.php?rest_route=%2Fwp%2Fv2%2Fcategories&post=63049"},{"taxonomy":"post_tag","embeddable":true,"href":"https:\/\/mecra.az\/index.php?rest_route=%2Fwp%2Fv2%2Ftags&post=63049"}],"curies":[{"name":"wp","href":"https:\/\/api.w.org\/{rel}","templated":true}]}}