{"id":63046,"date":"2026-09-06T21:27:22","date_gmt":"2026-09-06T17:27:22","guid":{"rendered":"https:\/\/mecra.az\/?p=63046"},"modified":"2026-09-06T21:27:22","modified_gmt":"2026-09-06T17:27:22","slug":"k%c9%99mal%c9%99ddin-heyd%c9%99rov-onlari-v%c9%99zif%c9%99y%c9%99-t%c9%99yin-etdi-fotolar","status":"publish","type":"post","link":"https:\/\/mecra.az\/?p=63046","title":{"rendered":"K\u0259mal\u0259ddin Heyd\u0259rov onlar\u0131 v\u0259zif\u0259y\u0259 t\u0259yin etdi &#8211; <span class=\"mecra-highlight\" style=\"color:#ff0000;\">FOTOLAR<\/span>"},"content":{"rendered":"<div class=\"panel-body news_text\">\n<p><strong>F\u00f6vq\u0259lad\u0259 hallar naziri general-polkovnik K\u0259mal\u0259ddin Heyd\u0259rovun imzalad\u0131\u011f\u0131 m\u00fcvafiq \u0259mrl\u0259rl\u0259 FHN-d\u0259 yeni kadr t\u0259yinatlar\u0131 ger\u00e7\u0259kl\u0259\u015fib.\u00a0<\/strong><\/p>\n<p><a href=\"http:\/\/Mecra.az\"><strong>Mecra.az<\/strong> <\/a>Oxu.Az-a istinadla x\u0259b\u0259r verir ki, nazir B\u0259xtiyar \u0130slam o\u011flu Ta\u011f\u0131yevi \u00f6z\u00fcn\u0259 m\u00fc\u015favir t\u0259yin edib.<\/p>\n<p>B.Ta\u011f\u0131yev bundan \u0259vv\u0259l FHN-in Tikintid\u0259 T\u0259hl\u00fck\u0259sizliy\u0259 N\u0259zar\u0259t D\u00f6vl\u0259t Agentliyinin r\u0259isi v\u0259zif\u0259sind\u0259 \u00e7al\u0131\u015f\u0131b.<\/p>\n<p>\u201cUnikal\u201d\u0131n \u0259ld\u0259 etdiyi m\u0259lumata g\u00f6r\u0259 is\u0259 nazirin dig\u0259r \u0259mri il\u0259 \u0130smay\u0131l Rauf o\u011flu N\u0259sirov S\u0259nayed\u0259 \u0130\u015fl\u0259rin T\u0259hl\u00fck\u0259siz G\u00f6r\u00fclm\u0259si v\u0259 Da\u011f-M\u0259d\u0259n N\u0259zar\u0259ti D\u00f6vl\u0259t Agentliyinin yeni r\u0259isi t\u0259yin olunub. \u0130. N\u0259sirov bu t\u0259yinata q\u0259d\u0259r h\u0259min agentliyin r\u0259is m\u00fcavini v\u0259zif\u0259sini icra edib.<\/p>\n<p><strong>Fotoda: B\u0259xtiyar Ta\u011f\u0131yev<\/strong><\/p>\n<p><strong><img decoding=\"async\" src=\"https:\/\/qafqazinfo.az\/uploads\/images\/Gemini_Generated_Image_vqf5vwvqf5vwvqf5.jpeg\" alt=\"\" width=\"100%\" \/><\/strong><\/p>\n<p><strong>Fotoda: \u0130smay\u0131l N\u0259sirov<\/strong><\/p>\n<p><strong><img decoding=\"async\" src=\"https:\/\/qafqazinfo.az\/uploads\/images\/agentlik.jpg\" alt=\"\" width=\"100%\" \/><\/strong><\/p>\n<\/div>\n","protected":false},"excerpt":{"rendered":"<p>F\u00f6vq\u0259lad\u0259 hallar naziri general-polkovnik K\u0259mal\u0259ddin Heyd\u0259rovun imzalad\u0131\u011f\u0131 m\u00fcvafiq \u0259mrl\u0259rl\u0259 FHN-d\u0259 yeni kadr t\u0259yinatlar\u0131 ger\u00e7\u0259kl\u0259\u015fib.\u00a0 Mecra.az Oxu.Az-a istinadla x\u0259b\u0259r verir ki, nazir B\u0259xtiyar \u0130slam o\u011flu Ta\u011f\u0131yevi \u00f6z\u00fcn\u0259 m\u00fc\u015favir t\u0259yin edib. B.Ta\u011f\u0131yev&hellip; <\/p>\n","protected":false},"author":1,"featured_media":63047,"comment_status":"open","ping_status":"open","sticky":false,"template":"","format":"standard","meta":{"footnotes":""},"categories":[48],"tags":[],"class_list":["post-63046","post","type-post","status-publish","format-standard","has-post-thumbnail","hentry","category-sosial"],"_links":{"self":[{"href":"https:\/\/mecra.az\/index.php?rest_route=\/wp\/v2\/posts\/63046","targetHints":{"allow":["GET"]}}],"collection":[{"href":"https:\/\/mecra.az\/index.php?rest_route=\/wp\/v2\/posts"}],"about":[{"href":"https:\/\/mecra.az\/index.php?rest_route=\/wp\/v2\/types\/post"}],"author":[{"embeddable":true,"href":"https:\/\/mecra.az\/index.php?rest_route=\/wp\/v2\/users\/1"}],"replies":[{"embeddable":true,"href":"https:\/\/mecra.az\/index.php?rest_route=%2Fwp%2Fv2%2Fcomments&post=63046"}],"version-history":[{"count":1,"href":"https:\/\/mecra.az\/index.php?rest_route=\/wp\/v2\/posts\/63046\/revisions"}],"predecessor-version":[{"id":63048,"href":"https:\/\/mecra.az\/index.php?rest_route=\/wp\/v2\/posts\/63046\/revisions\/63048"}],"wp:featuredmedia":[{"embeddable":true,"href":"https:\/\/mecra.az\/index.php?rest_route=\/wp\/v2\/media\/63047"}],"wp:attachment":[{"href":"https:\/\/mecra.az\/index.php?rest_route=%2Fwp%2Fv2%2Fmedia&parent=63046"}],"wp:term":[{"taxonomy":"category","embeddable":true,"href":"https:\/\/mecra.az\/index.php?rest_route=%2Fwp%2Fv2%2Fcategories&post=63046"},{"taxonomy":"post_tag","embeddable":true,"href":"https:\/\/mecra.az\/index.php?rest_route=%2Fwp%2Fv2%2Ftags&post=63046"}],"curies":[{"name":"wp","href":"https:\/\/api.w.org\/{rel}","templated":true}]}}