{"id":62989,"date":"2026-09-05T22:03:30","date_gmt":"2026-09-05T18:03:30","guid":{"rendered":"https:\/\/mecra.az\/?p=62989"},"modified":"2026-09-05T22:03:30","modified_gmt":"2026-09-05T18:03:30","slug":"sibel-can-ozund%c9%99n-10-yas-kicik-sevgilisi-il%c9%99-evl%c9%99nir","status":"publish","type":"post","link":"https:\/\/mecra.az\/?p=62989","title":{"rendered":"Sibel Can \u00f6z\u00fcnd\u0259n 10 ya\u015f ki\u00e7ik sevgilisi il\u0259 <span class=\"mecra-highlight\" style=\"color:#ff0000;\">evl\u0259nir<\/span>"},"content":{"rendered":"<p><strong>T\u00fcrk musiqisinin m\u0259\u015fhur simalar\u0131ndan Sibel Canla \u00f6z\u00fcnd\u0259n 10 ya\u015f ki\u00e7ik i\u015f adam\u0131 Emir Sar\u0131g\u00fcl\u00fcn uzunm\u00fcdd\u0259tli m\u00fcnasib\u0259tl\u0259rind\u0259 yeni m\u0259rh\u0259l\u0259y\u0259 q\u0259d\u0259m qoyur. C\u00fctl\u00fcy\u00fcn sentyabr\u0131n 17-d\u0259 Mu\u011flan\u0131n Marmaris \u015f\u0259h\u0259rind\u0259 ke\u00e7iril\u0259c\u0259k d\u0259bd\u0259b\u0259li toy m\u0259rasimind\u0259 evl\u0259n\u0259c\u0259yi bildirilir.<\/strong><\/p>\n<p><a href=\"http:\/\/Mecra.az\"><strong>Mecra.az<\/strong><\/a> x\u0259b\u0259r verir ki, ill\u0259rdir m\u00fcnasib\u0259tl\u0259rini ictimaiyy\u0259tin diqq\u0259tind\u0259n uzaqda ya\u015fayan c\u00fctl\u00fckl\u0259 ba\u011fl\u0131 daha \u0259vv\u0259l C\u0259nubi Fransada gizlic\u0259 v\u0259 ya Mayamid\u0259 evl\u0259n\u0259c\u0259kl\u0259ri bar\u0259d\u0259 x\u0259b\u0259rl\u0259r yay\u0131lm\u0131\u015fd\u0131.<\/p>\n<p>\u0130ndi is\u0259 onlar\u0131n evlilik q\u0259rar\u0131 verdiyi v\u0259 haz\u0131rl\u0131qlara ba\u015flad\u0131\u011f\u0131 bildirilir.<\/p>\n<p>M\u0259lumata g\u00f6r\u0259, toy m\u0259rasimind\u0259 inc\u0259s\u0259n\u0259t, biznes v\u0259 media d\u00fcnyas\u0131ndan t\u0259xmin\u0259n 500 n\u0259f\u0259rin i\u015ftirak\u0131 g\u00f6zl\u0259nilir.<\/p>\n<p>Qonaqlar\u0131n Marmaris\u0259 apar\u0131lmas\u0131 \u00fc\u00e7\u00fcn \u015f\u0259xsi t\u0259yyar\u0259l\u0259r v\u0259 m\u00fcxt\u0259lif transfer vasit\u0259l\u0259rinin ayr\u0131ld\u0131\u011f\u0131 da deyilir.<\/p>\n<p>Mustafa Sar\u0131g\u00fcl\u00fcn o\u011flu Emir Sar\u0131g\u00fcl 2008-ci ild\u0259 Fato\u015f Alt\u0131nba\u015fla ail\u0259 qurub. Onlar\u0131n evliliyi 2019-cu ild\u0259 bo\u015fanma il\u0259 ba\u015fa \u00e7at\u0131b. Sibel Can is\u0259 \u00fc\u00e7\u00fcnc\u00fc d\u0259f\u0259 ail\u0259 qurma\u011fa haz\u0131rla\u015f\u0131r.<\/p>\n<p>M\u00fc\u011f\u0259nninin ilk evliliyi 1988-1999-cu ill\u0259rd\u0259 aktyor Hakan Uralla olub. Bu evlilikd\u0259n Engincan v\u0259 Melisa adl\u0131 iki \u00f6vlad\u0131 var.<\/p>\n<p>Sibel Can 2000-2010-cu ill\u0259rd\u0259 is\u0259 i\u015f adam\u0131 S\u00fclhi Aks\u00fctl\u0259 evli olub. C\u00fctl\u00fcy\u00fcn bu m\u00fcnasib\u0259td\u0259n Emir adl\u0131 bir o\u011flu d\u00fcnyaya g\u0259lib.<\/p>\n","protected":false},"excerpt":{"rendered":"<p>T\u00fcrk musiqisinin m\u0259\u015fhur simalar\u0131ndan Sibel Canla \u00f6z\u00fcnd\u0259n 10 ya\u015f ki\u00e7ik i\u015f adam\u0131 Emir Sar\u0131g\u00fcl\u00fcn uzunm\u00fcdd\u0259tli m\u00fcnasib\u0259tl\u0259rind\u0259 yeni m\u0259rh\u0259l\u0259y\u0259 q\u0259d\u0259m qoyur. C\u00fctl\u00fcy\u00fcn sentyabr\u0131n 17-d\u0259 Mu\u011flan\u0131n Marmaris \u015f\u0259h\u0259rind\u0259 ke\u00e7iril\u0259c\u0259k d\u0259bd\u0259b\u0259li toy m\u0259rasimind\u0259&hellip; <\/p>\n","protected":false},"author":1,"featured_media":62990,"comment_status":"open","ping_status":"open","sticky":false,"template":"","format":"standard","meta":{"footnotes":""},"categories":[58],"tags":[],"class_list":["post-62989","post","type-post","status-publish","format-standard","has-post-thumbnail","hentry","category-sou-biznes"],"_links":{"self":[{"href":"https:\/\/mecra.az\/index.php?rest_route=\/wp\/v2\/posts\/62989","targetHints":{"allow":["GET"]}}],"collection":[{"href":"https:\/\/mecra.az\/index.php?rest_route=\/wp\/v2\/posts"}],"about":[{"href":"https:\/\/mecra.az\/index.php?rest_route=\/wp\/v2\/types\/post"}],"author":[{"embeddable":true,"href":"https:\/\/mecra.az\/index.php?rest_route=\/wp\/v2\/users\/1"}],"replies":[{"embeddable":true,"href":"https:\/\/mecra.az\/index.php?rest_route=%2Fwp%2Fv2%2Fcomments&post=62989"}],"version-history":[{"count":1,"href":"https:\/\/mecra.az\/index.php?rest_route=\/wp\/v2\/posts\/62989\/revisions"}],"predecessor-version":[{"id":62991,"href":"https:\/\/mecra.az\/index.php?rest_route=\/wp\/v2\/posts\/62989\/revisions\/62991"}],"wp:featuredmedia":[{"embeddable":true,"href":"https:\/\/mecra.az\/index.php?rest_route=\/wp\/v2\/media\/62990"}],"wp:attachment":[{"href":"https:\/\/mecra.az\/index.php?rest_route=%2Fwp%2Fv2%2Fmedia&parent=62989"}],"wp:term":[{"taxonomy":"category","embeddable":true,"href":"https:\/\/mecra.az\/index.php?rest_route=%2Fwp%2Fv2%2Fcategories&post=62989"},{"taxonomy":"post_tag","embeddable":true,"href":"https:\/\/mecra.az\/index.php?rest_route=%2Fwp%2Fv2%2Ftags&post=62989"}],"curies":[{"name":"wp","href":"https:\/\/api.w.org\/{rel}","templated":true}]}}