{"id":62981,"date":"2026-09-05T20:36:04","date_gmt":"2026-09-05T16:36:04","guid":{"rendered":"https:\/\/mecra.az\/?p=62981"},"modified":"2026-09-05T21:57:46","modified_gmt":"2026-09-05T17:57:46","slug":"iki-m%c9%99kt%c9%99bin-f%c9%99aliyy%c9%99ti-dayandirilir-r%c9%99smi","status":"publish","type":"post","link":"https:\/\/mecra.az\/?p=62981","title":{"rendered":"\u0130ki m\u0259kt\u0259bin f\u0259aliyy\u0259ti dayand\u0131r\u0131l\u0131r &#8211; <span class=\"mecra-highlight\" style=\"color:#ff0000;\">R\u0259smi<\/span>"},"content":{"rendered":"<p>Qubadl\u0131 rayonu \u00fczr\u0259 2 \u00fcmumt\u0259hsil m\u0259kt\u0259binin f\u0259aliyy\u0259tinin dayand\u0131r\u0131lmas\u0131 n\u0259z\u0259rd\u0259 tutulur.<\/p>\n<p><strong><a href=\"https:\/\/avtosfer.az\/az\">Mecra.az<\/a>\u00a0<\/strong>x\u0259b\u0259r verir ki, bu bar\u0259d\u0259 \u015e\u0259rqi Z\u0259ng\u0259zur Regional T\u0259hsil \u0130dar\u0259sind\u0259n m\u0259lumat verilib.<\/p>\n<p>Bildirilib ki, Az\u0259rbaycan Respublikas\u0131 Prezidentinin 16 noyabr 2022-ci il tarixli s\u0259r\u0259ncam\u0131 il\u0259 t\u0259sdiq edilmi\u015f \u201cAz\u0259rbaycan Respublikas\u0131n\u0131n i\u015f\u011faldan azad edilmi\u015f \u0259razil\u0259rin\u0259 B\u00f6y\u00fck Qay\u0131d\u0131\u015fa dair I D\u00f6vl\u0259t Proqram\u0131\u201dna uy\u011fun olaraq \u0259halinin do\u011fma yurdlar\u0131na qay\u0131d\u0131\u015f\u0131 il\u0259 paralel h\u0259min \u0259razil\u0259rd\u0259 m\u00fcasir t\u0259hsil infrastrukturunun b\u0259rpas\u0131 v\u0259 dayan\u0131ql\u0131 t\u0259hsil \u015f\u0259b\u0259k\u0259sinin qurulmas\u0131 istiqam\u0259tind\u0259 t\u0259dbirl\u0259r davam etdirilir.<\/p>\n<p>A\u00e7\u0131qlamada qeyd olunub ki, D\u00f6vl\u0259t Proqram\u0131n\u0131n icras\u0131 \u00e7\u0259r\u00e7iv\u0259sind\u0259 respublikan\u0131n dig\u0259r \u015f\u0259h\u0259r v\u0259 rayonlar\u0131nda m\u00fcv\u0259qq\u0259ti m\u0259skunla\u015fma yerl\u0259rind\u0259 f\u0259aliyy\u0259t g\u00f6st\u0259r\u0259n b\u0259zi \u00fcmumi t\u0259hsil m\u00fc\u0259ssis\u0259l\u0259rinin f\u0259aliyy\u0259ti m\u0259rh\u0259l\u0259li \u015f\u0259kild\u0259 dayand\u0131r\u0131l\u0131r v\u0259 h\u0259min m\u0259kt\u0259bl\u0259r i\u015f\u011faldan azad edilmi\u015f \u0259razil\u0259rd\u0259 yenid\u0259n t\u0259\u015fkil edilir.<\/p>\n<p>Regional T\u0259hsil \u0130dar\u0259sind\u0259n bildirilib ki, cari t\u0259dris ilind\u0259n etibar\u0259n \u015fagird say\u0131n\u0131n k\u0259skin azalmas\u0131 s\u0259b\u0259bind\u0259n Qubadl\u0131 rayonu \u00fczr\u0259 2 \u00fcmumt\u0259hsil m\u0259kt\u0259binin f\u0259aliyy\u0259tinin dayand\u0131r\u0131lmas\u0131 n\u0259z\u0259rd\u0259 tutulur.<\/p>\n<p>H\u0259min m\u0259kt\u0259bl\u0259rd\u0259 t\u0259hsil alan \u015fagirdl\u0259rin t\u0259hsilini dig\u0259r yax\u0131n \u00fcmumt\u0259hsil m\u00fc\u0259ssis\u0259l\u0259rind\u0259 davam etdirm\u0259si planla\u015fd\u0131r\u0131l\u0131r.<\/p>\n","protected":false},"excerpt":{"rendered":"<p>Qubadl\u0131 rayonu \u00fczr\u0259 2 \u00fcmumt\u0259hsil m\u0259kt\u0259binin f\u0259aliyy\u0259tinin dayand\u0131r\u0131lmas\u0131 n\u0259z\u0259rd\u0259 tutulur. Mecra.az\u00a0x\u0259b\u0259r verir ki, bu bar\u0259d\u0259 \u015e\u0259rqi Z\u0259ng\u0259zur Regional T\u0259hsil \u0130dar\u0259sind\u0259n m\u0259lumat verilib. Bildirilib ki, Az\u0259rbaycan Respublikas\u0131 Prezidentinin 16 noyabr 2022-ci&hellip; <\/p>\n","protected":false},"author":1,"featured_media":62983,"comment_status":"open","ping_status":"open","sticky":false,"template":"","format":"standard","meta":{"footnotes":""},"categories":[69,1],"tags":[],"class_list":["post-62981","post","type-post","status-publish","format-standard","has-post-thumbnail","hentry","category-elm-v-thsil","category-manset"],"_links":{"self":[{"href":"https:\/\/mecra.az\/index.php?rest_route=\/wp\/v2\/posts\/62981","targetHints":{"allow":["GET"]}}],"collection":[{"href":"https:\/\/mecra.az\/index.php?rest_route=\/wp\/v2\/posts"}],"about":[{"href":"https:\/\/mecra.az\/index.php?rest_route=\/wp\/v2\/types\/post"}],"author":[{"embeddable":true,"href":"https:\/\/mecra.az\/index.php?rest_route=\/wp\/v2\/users\/1"}],"replies":[{"embeddable":true,"href":"https:\/\/mecra.az\/index.php?rest_route=%2Fwp%2Fv2%2Fcomments&post=62981"}],"version-history":[{"count":1,"href":"https:\/\/mecra.az\/index.php?rest_route=\/wp\/v2\/posts\/62981\/revisions"}],"predecessor-version":[{"id":62984,"href":"https:\/\/mecra.az\/index.php?rest_route=\/wp\/v2\/posts\/62981\/revisions\/62984"}],"wp:featuredmedia":[{"embeddable":true,"href":"https:\/\/mecra.az\/index.php?rest_route=\/wp\/v2\/media\/62983"}],"wp:attachment":[{"href":"https:\/\/mecra.az\/index.php?rest_route=%2Fwp%2Fv2%2Fmedia&parent=62981"}],"wp:term":[{"taxonomy":"category","embeddable":true,"href":"https:\/\/mecra.az\/index.php?rest_route=%2Fwp%2Fv2%2Fcategories&post=62981"},{"taxonomy":"post_tag","embeddable":true,"href":"https:\/\/mecra.az\/index.php?rest_route=%2Fwp%2Fv2%2Ftags&post=62981"}],"curies":[{"name":"wp","href":"https:\/\/api.w.org\/{rel}","templated":true}]}}