{"id":62953,"date":"2026-09-05T11:31:03","date_gmt":"2026-09-05T07:31:03","guid":{"rendered":"https:\/\/mecra.az\/?p=62953"},"modified":"2026-09-05T11:31:03","modified_gmt":"2026-09-05T07:31:03","slug":"xacaturyan-muharib%c9%99d%c9%99-ol%c9%99nl%c9%99rin-sayini-aciqladi-aparat-t%c9%99kzib-etdi","status":"publish","type":"post","link":"https:\/\/mecra.az\/?p=62953","title":{"rendered":"Xa\u00e7aturyan m\u00fcharib\u0259d\u0259 \u00f6l\u0259nl\u0259rin say\u0131n\u0131 a\u00e7\u0131qlad\u0131 aparat t\u0259kzib <span class=\"mecra-highlight\" style=\"color:#ff0000;\">etdi<\/span>"},"content":{"rendered":"<p><strong>\u201c44 g\u00fcnl\u00fck m\u00fcharib\u0259 zaman\u0131 Erm\u0259nistan\u0131n 4800 h\u0259rb\u00e7isi h\u0259lak olub\u201d.\u00a0<\/strong><\/p>\n<p>\u201cQafqazinfo\u201d \u201cNews.am\u201da istinad\u0259n x\u0259b\u0259r verir ki, bu s\u00f6zl\u0259ri Erm\u0259nistan Prezidenti Vaaqn Xa\u00e7aturyan Praqan\u0131n CEVRO universitetind\u0259 \u00e7\u0131x\u0131\u015f\u0131 zaman\u0131 bildirib.<\/p>\n<p>Bundan sonra Erm\u0259nistan Prezidentinin Aparat\u0131n\u0131n \u0130ctimaiyy\u0259tl\u0259 \u018flaq\u0259l\u0259r \u0130dar\u0259sinin r\u0259hb\u0259ri Aqasi Marqaryan a\u00e7\u0131qlama yayaraq, d\u00f6vl\u0259t ba\u015f\u00e7\u0131s\u0131n\u0131n 44 g\u00fcnl\u00fck m\u00fcharib\u0259d\u0259 \u00f6l\u0259n erm\u0259ni h\u0259rb\u00e7il\u0259rin say\u0131nda s\u0259hv\u0259 yol verdiyini bildirib.<\/p>\n<p>\u201cS\u0259hv\u0259 g\u00f6r\u0259 \u00fczr ist\u0259yirik v\u0259 d\u0259qiql\u0259\u015fdiririk: 44 g\u00fcnl\u00fck m\u00fcharib\u0259d\u0259 h\u0259lak olanlar\u0131n say\u0131 3755 n\u0259f\u0259rdir\u201d, &#8211; Marqaryan \u0259lav\u0259 edib.<\/p>\n<p>Qeyd ed\u0259k ki, Erm\u0259nistandak\u0131 son r\u0259smi m\u0259lumatlarda II Qaraba\u011f m\u00fcharib\u0259sind\u0259 \u00f6l\u0259n erm\u0259ni h\u0259rb\u00e7il\u0259rin say\u0131 3833 n\u0259f\u0259r g\u00f6st\u0259rilmi\u015fdi.<\/p>\n","protected":false},"excerpt":{"rendered":"<p>\u201c44 g\u00fcnl\u00fck m\u00fcharib\u0259 zaman\u0131 Erm\u0259nistan\u0131n 4800 h\u0259rb\u00e7isi h\u0259lak olub\u201d.\u00a0 \u201cQafqazinfo\u201d \u201cNews.am\u201da istinad\u0259n x\u0259b\u0259r verir ki, bu s\u00f6zl\u0259ri Erm\u0259nistan Prezidenti Vaaqn Xa\u00e7aturyan Praqan\u0131n CEVRO universitetind\u0259 \u00e7\u0131x\u0131\u015f\u0131 zaman\u0131 bildirib. Bundan sonra Erm\u0259nistan&hellip; <\/p>\n","protected":false},"author":1,"featured_media":62954,"comment_status":"open","ping_status":"open","sticky":false,"template":"","format":"standard","meta":{"footnotes":""},"categories":[70],"tags":[],"class_list":["post-62953","post","type-post","status-publish","format-standard","has-post-thumbnail","hentry","category-qafqaz"],"_links":{"self":[{"href":"https:\/\/mecra.az\/index.php?rest_route=\/wp\/v2\/posts\/62953","targetHints":{"allow":["GET"]}}],"collection":[{"href":"https:\/\/mecra.az\/index.php?rest_route=\/wp\/v2\/posts"}],"about":[{"href":"https:\/\/mecra.az\/index.php?rest_route=\/wp\/v2\/types\/post"}],"author":[{"embeddable":true,"href":"https:\/\/mecra.az\/index.php?rest_route=\/wp\/v2\/users\/1"}],"replies":[{"embeddable":true,"href":"https:\/\/mecra.az\/index.php?rest_route=%2Fwp%2Fv2%2Fcomments&post=62953"}],"version-history":[{"count":1,"href":"https:\/\/mecra.az\/index.php?rest_route=\/wp\/v2\/posts\/62953\/revisions"}],"predecessor-version":[{"id":62955,"href":"https:\/\/mecra.az\/index.php?rest_route=\/wp\/v2\/posts\/62953\/revisions\/62955"}],"wp:featuredmedia":[{"embeddable":true,"href":"https:\/\/mecra.az\/index.php?rest_route=\/wp\/v2\/media\/62954"}],"wp:attachment":[{"href":"https:\/\/mecra.az\/index.php?rest_route=%2Fwp%2Fv2%2Fmedia&parent=62953"}],"wp:term":[{"taxonomy":"category","embeddable":true,"href":"https:\/\/mecra.az\/index.php?rest_route=%2Fwp%2Fv2%2Fcategories&post=62953"},{"taxonomy":"post_tag","embeddable":true,"href":"https:\/\/mecra.az\/index.php?rest_route=%2Fwp%2Fv2%2Ftags&post=62953"}],"curies":[{"name":"wp","href":"https:\/\/api.w.org\/{rel}","templated":true}]}}