{"id":62950,"date":"2026-09-05T11:26:39","date_gmt":"2026-09-05T07:26:39","guid":{"rendered":"https:\/\/mecra.az\/?p=62950"},"modified":"2026-09-05T11:26:39","modified_gmt":"2026-09-05T07:26:39","slug":"erm%c9%99nistanli-huquq-mudafi%c9%99cisinin-iddialari-%c9%99sassiz-v%c9%99-q%c9%99r%c9%99zlidir","status":"publish","type":"post","link":"https:\/\/mecra.az\/?p=62950","title":{"rendered":"&#8220;Erm\u0259nistanl\u0131 h\u00fcquq m\u00fcdafi\u0259\u00e7isinin iddialar\u0131 \u0259sass\u0131z v\u0259 q\u0259r\u0259zlidir&#8221;"},"content":{"rendered":"<div class=\"panel-body news_text\">\n<p><strong>\u201cAz\u0259rbaycan\u0131n \u0130nsan H\u00fcquqlar\u0131 \u00fczr\u0259 M\u00fcv\u0259kkili (Ombudsman) 4 sentyabrda Erm\u0259nistanda ke\u00e7irilmi\u015f m\u0259tbuat konfrans\u0131nda t\u00f6r\u0259tmi\u015f olduqlar\u0131 cinay\u0259tl\u0259r\u0259 g\u00f6r\u0259 m\u0259hkum olunmu\u015f erm\u0259ni\u0259silli \u015f\u0259xsl\u0259rin Az\u0259rbaycanda dini m\u0259nsubiyy\u0259tin\u0259 g\u00f6r\u0259 ayr\u0131-se\u00e7kiliy\u0259 m\u0259ruz qalmas\u0131, onlar\u0131n \u00fcz\u0259rind\u0259 i\u015fg\u0259nc\u0259 t\u00f6r\u0259dilm\u0259si, xristian dini simvollar\u0131n\u0131n m\u0259hv edilm\u0259si, \u0130ncild\u0259n istifad\u0259y\u0259 imkan verilm\u0259m\u0259si v\u0259 Quran oxuma\u011fa m\u0259cbur edilm\u0259si bar\u0259d\u0259 s\u0259sl\u0259ndirilmi\u015f iddialar\u0131 \u0259sass\u0131z v\u0259 q\u0259r\u0259zli hesab edir v\u0259 apar\u0131lan s\u00fclh dan\u0131\u015f\u0131qlar\u0131n\u0131n pozulmas\u0131na y\u00f6n\u0259lik bir c\u0259hd kimi qiym\u0259tl\u0259ndirir\u201d.<\/strong><\/p>\n<p><a href=\"http:\/\/Mecra.az\"><strong>Mecra.az<\/strong><\/a> x\u0259b\u0259r verir ki, bunu Az\u0259rbaycan Ombudsman\u0131 S\u0259bin\u0259 \u018fliyeva Erm\u0259nistan h\u00fcquq m\u00fcdafi\u0259\u00e7isinin s\u0259sl\u0259ndirdiyi iddialara cavab olaraq bildirib.<\/p>\n<p><strong>O qeyd edib ki, he\u00e7 bir etibarl\u0131 s\u00fcbut t\u0259qdim edilm\u0259d\u0259n bel\u0259 a\u011f\u0131r ittihamlar\u0131n fakt kimi ictimaiyy\u0259t\u0259 t\u0259qdim olunmas\u0131 insan h\u00fcquqlar\u0131n\u0131n m\u00fcdafi\u0259si prinsipl\u0259ri il\u0259 bir araya s\u0131\u011fm\u0131r.<\/strong><\/p>\n<p>\u201cX\u00fcsusil\u0259, ayr\u0131-ayr\u0131 \u015f\u0259xsl\u0259rl\u0259 ba\u011fl\u0131 m\u0259s\u0259l\u0259l\u0259rin dini m\u0259nsubiyy\u0259tl\u0259 \u0259laq\u0259l\u0259ndirilm\u0259si v\u0259 xristian-m\u00fcs\u0259lman qar\u015f\u0131durmas\u0131 m\u00fcst\u0259visin\u0259 ke\u00e7irilm\u0259si c\u0259hdl\u0259ri yolverilm\u0259zdir.<\/p>\n<p>Az\u0259rbaycan \u00e7oxmill\u0259tli v\u0259 \u00e7oxkonfessiyal\u0131 d\u00fcny\u0259vi d\u00f6vl\u0259tdir. \u00d6lk\u0259d\u0259 m\u00fcxt\u0259lif dini konfessiyalara m\u0259nsub \u015f\u0259xsl\u0259rin h\u00fcquq v\u0259 azadl\u0131qlar\u0131n\u0131n t\u0259min olunmas\u0131na b\u0259rab\u0259r yana\u015f\u0131l\u0131r, onlar\u0131n dini etiqad azadl\u0131\u011f\u0131na h\u00f6rm\u0259t edilir.<\/p>\n<p>M\u0259hk\u0259m\u0259 t\u0259r\u0259find\u0259n m\u00fc\u0259yy\u0259n edilmi\u015f cinay\u0259t m\u0259suliyy\u0259tini \u015f\u0259xsl\u0259rin etnik m\u0259nsubiyy\u0259ti il\u0259 \u0259laq\u0259l\u0259ndirm\u0259k v\u0259 h\u0259min \u015f\u0259xsl\u0259rin t\u00f6r\u0259tdikl\u0259ri \u0259m\u0259ll\u0259r\u0259 g\u00f6r\u0259 qanuni \u0259saslarla \u00e7\u0259kdikl\u0259ri c\u0259zan\u0131 \u201cetnik v\u0259 ya dini t\u0259qib\u201d kimi t\u0259qdim etm\u0259k yolverilm\u0259zdir. Cinay\u0259t m\u0259suliyy\u0259ti \u015f\u0259xsin hans\u0131 etnik m\u0259nsubiyy\u0259t\u0259 v\u0259 ya dini etiqada malik olmas\u0131 il\u0259 deyil, t\u00f6r\u0259dilmi\u015f \u0259m\u0259lin xarakteri, h\u0259min \u0259m\u0259l \u00fczr\u0259 toplanm\u0131\u015f s\u00fcbutlar v\u0259 m\u0259hk\u0259m\u0259nin h\u00fcquqi qiym\u0259tl\u0259ndirm\u0259si il\u0259 m\u00fc\u0259yy\u0259n olunur.<\/p>\n<p>Ombudsman\u0131n Milli Preventiv Qrupunun m\u00fcxt\u0259lif vaxtlarda h\u0259yata ke\u00e7irdiyi monitorinq v\u0259 ba\u015f\u00e7\u0259km\u0259l\u0259r zaman\u0131 Az\u0259rbaycan \u0259razisind\u0259 saxlan\u0131lan erm\u0259ni\u0259silli \u015f\u0259xsl\u0259rl\u0259 konfidensial g\u00f6r\u00fc\u015fl\u0259r ke\u00e7irilmi\u015f, tibbi v\u0259 psixoloji v\u0259ziyy\u0259tl\u0259ri qiym\u0259tl\u0259ndirilmi\u015f, beyn\u0259lxalq s\u0259n\u0259dl\u0259rd\u0259 t\u0259sbit olunmu\u015f h\u00fcquq v\u0259 azadl\u0131qlar\u0131 onlara \u00f6z ana dill\u0259rind\u0259 izah edilmi\u015fdir. H\u0259yata ke\u00e7irilmi\u015f monitorinql\u0259r zaman\u0131 h\u0259min \u015f\u0259xsl\u0259rin h\u00fcquq v\u0259 azadl\u0131qlar\u0131n\u0131n beyn\u0259xalq standartlara uy\u011fun s\u0259viyy\u0259d\u0259, ayr\u0131-se\u00e7kiliy\u0259 yol verilm\u0259d\u0259n t\u0259min edildiyi, tibbi yard\u0131m v\u0259 dig\u0259r z\u0259ruri xidm\u0259tl\u0259r\u0259 \u00e7\u0131x\u0131\u015flar\u0131n\u0131n oldu\u011fu m\u00fc\u0259yy\u0259n edilmi\u015fdir.<\/p>\n<p><strong>Bu bax\u0131mdan, Ombudsman insan h\u00fcquqlar\u0131n\u0131n m\u00fcdafi\u0259si sah\u0259sind\u0259 f\u0259aliyy\u0259ti siyasi m\u0259qs\u0259dl\u0259r\u0259 xidm\u0259t ed\u0259n b\u0259yanatlardan v\u0259 qar\u015f\u0131durma ritorikas\u0131ndan f\u0259rql\u0259ndirm\u0259yin z\u0259ruriliyini x\u00fcsusi vur\u011fulay\u0131r. Yoxlan\u0131lm\u0131\u015f faktlara \u0259saslanmadan \u201ci\u015fg\u0259nc\u0259\u201d, \u201cdini t\u0259qib\u201d v\u0259 dini m\u0259nsubiyy\u0259t\u0259 g\u00f6r\u0259 ayr\u0131-se\u00e7kilik kimi a\u011f\u0131r ittihamlar\u0131n ir\u0259li s\u00fcr\u00fclm\u0259si ictimai r\u0259yi yan\u0131ltma\u011fa, s\u00fclh dan\u0131\u015f\u0131qlar\u0131n\u0131 pozma\u011fa v\u0259 dini z\u0259mind\u0259 qar\u015f\u0131durma yaratma\u011fa xidm\u0259t edir.<\/strong><\/p>\n<p>Bu c\u00fcr m\u0259suliyy\u0259tsiz yana\u015fmalar Az\u0259rbaycan v\u0259 Erm\u0259nistan aras\u0131nda davam ed\u0259n s\u00fclh prosesi fonunda x\u00fcsusil\u0259 narahatedicidir. Davaml\u0131 s\u00fclh yaln\u0131z siyasi v\u0259 h\u00fcquqi raz\u0131la\u015fmalarla deyil, eyni zamanda c\u0259miyy\u0259tl\u0259r aras\u0131nda etimad\u0131n m\u00f6hk\u0259ml\u0259ndirilm\u0259si, d\u00f6z\u00fcms\u00fczl\u00fck v\u0259 nifr\u0259t ritorikas\u0131ndan \u00e7\u0259kinilm\u0259si il\u0259 m\u00fcmk\u00fcnd\u00fcr. T\u0259sdiql\u0259nm\u0259mi\u015f m\u0259lumatlar\u0131n dini z\u0259mind\u0259 t\u0259qdim edilm\u0259si c\u0259miyy\u0259tl\u0259r aras\u0131nda etimads\u0131zl\u0131\u011f\u0131 d\u0259rinl\u0259\u015fdirir v\u0259 s\u00fclh v\u0259 bar\u0131\u015f\u0131q \u00fc\u00e7\u00fcn z\u0259ruri olan m\u00fchit\u0259 z\u0259r\u0259r vurur.<\/p>\n<p>\u0130nsan h\u00fcquqlar\u0131n\u0131n m\u00fcdafi\u0259si siyasi m\u0259qs\u0259dl\u0259r namin\u0259 faktlar\u0131n t\u0259hrif edilm\u0259sini v\u0259 dini m\u0259nsubiyy\u0259t \u00fcz\u0259rind\u0259n d\u00fc\u015fm\u0259n obraz\u0131n\u0131n yarad\u0131lmas\u0131n\u0131 q\u0259bul etmir. Bu sah\u0259d\u0259 f\u0259aliyy\u0259t g\u00f6st\u0259r\u0259n \u015f\u0259xsl\u0259r \u00f6z a\u00e7\u0131qlamalar\u0131nda m\u0259suliyy\u0259tli olmal\u0131, obyektiv v\u0259 yoxlan\u0131lm\u0131\u015f faktlara \u0259saslanmal\u0131, s\u00fclh\u0259 v\u0259 qar\u015f\u0131l\u0131ql\u0131 etimada x\u0259l\u0259l g\u0259tir\u0259 bil\u0259c\u0259k ritorikadan \u00e7\u0259kinm\u0259lidirl\u0259r\u201d.<\/p>\n<p><em><strong>Qeyd ed\u0259k ki, q\u0259r\u0259zli iddialar erm\u0259ni h\u00fcquq m\u00fcdafi\u0259\u00e7isi Siranu\u015f Saakyan t\u0259r\u0259find\u0259n \u0130r\u0259vanda ke\u00e7iril\u0259n m\u0259tbuat konfranslar\u0131nda, el\u0259c\u0259 d\u0259 erm\u0259ni medias\u0131na v\u0259 beyn\u0259lxalq t\u0259\u015fkilatlara t\u0259qdim etdiyi hesabatlarda s\u0259sl\u0259ndirilib.<\/strong><\/em><\/p>\n<\/div>\n","protected":false},"excerpt":{"rendered":"<p>\u201cAz\u0259rbaycan\u0131n \u0130nsan H\u00fcquqlar\u0131 \u00fczr\u0259 M\u00fcv\u0259kkili (Ombudsman) 4 sentyabrda Erm\u0259nistanda ke\u00e7irilmi\u015f m\u0259tbuat konfrans\u0131nda t\u00f6r\u0259tmi\u015f olduqlar\u0131 cinay\u0259tl\u0259r\u0259 g\u00f6r\u0259 m\u0259hkum olunmu\u015f erm\u0259ni\u0259silli \u015f\u0259xsl\u0259rin Az\u0259rbaycanda dini m\u0259nsubiyy\u0259tin\u0259 g\u00f6r\u0259 ayr\u0131-se\u00e7kiliy\u0259 m\u0259ruz qalmas\u0131, onlar\u0131n \u00fcz\u0259rind\u0259 i\u015fg\u0259nc\u0259&hellip; <\/p>\n","protected":false},"author":1,"featured_media":62951,"comment_status":"open","ping_status":"open","sticky":false,"template":"","format":"standard","meta":{"footnotes":""},"categories":[49],"tags":[],"class_list":["post-62950","post","type-post","status-publish","format-standard","has-post-thumbnail","hentry","category-siyast"],"_links":{"self":[{"href":"https:\/\/mecra.az\/index.php?rest_route=\/wp\/v2\/posts\/62950","targetHints":{"allow":["GET"]}}],"collection":[{"href":"https:\/\/mecra.az\/index.php?rest_route=\/wp\/v2\/posts"}],"about":[{"href":"https:\/\/mecra.az\/index.php?rest_route=\/wp\/v2\/types\/post"}],"author":[{"embeddable":true,"href":"https:\/\/mecra.az\/index.php?rest_route=\/wp\/v2\/users\/1"}],"replies":[{"embeddable":true,"href":"https:\/\/mecra.az\/index.php?rest_route=%2Fwp%2Fv2%2Fcomments&post=62950"}],"version-history":[{"count":1,"href":"https:\/\/mecra.az\/index.php?rest_route=\/wp\/v2\/posts\/62950\/revisions"}],"predecessor-version":[{"id":62952,"href":"https:\/\/mecra.az\/index.php?rest_route=\/wp\/v2\/posts\/62950\/revisions\/62952"}],"wp:featuredmedia":[{"embeddable":true,"href":"https:\/\/mecra.az\/index.php?rest_route=\/wp\/v2\/media\/62951"}],"wp:attachment":[{"href":"https:\/\/mecra.az\/index.php?rest_route=%2Fwp%2Fv2%2Fmedia&parent=62950"}],"wp:term":[{"taxonomy":"category","embeddable":true,"href":"https:\/\/mecra.az\/index.php?rest_route=%2Fwp%2Fv2%2Fcategories&post=62950"},{"taxonomy":"post_tag","embeddable":true,"href":"https:\/\/mecra.az\/index.php?rest_route=%2Fwp%2Fv2%2Ftags&post=62950"}],"curies":[{"name":"wp","href":"https:\/\/api.w.org\/{rel}","templated":true}]}}