{"id":62945,"date":"2026-09-05T10:51:22","date_gmt":"2026-09-05T06:51:22","guid":{"rendered":"https:\/\/mecra.az\/?p=62945"},"modified":"2026-09-05T10:51:22","modified_gmt":"2026-09-05T06:51:22","slug":"az%c9%99rbaycan-t%c9%99hsilin%c9%99-agir-itki-foto","status":"publish","type":"post","link":"https:\/\/mecra.az\/?p=62945","title":{"rendered":"Az\u0259rbaycan t\u0259hsilin\u0259 A\u011eIR \u0130TK\u0130 &#8211; <span class=\"mecra-highlight\" style=\"color:#ff0000;\">FOTO<\/span>"},"content":{"rendered":"<p><strong>Uzun ill\u0259r Sumqay\u0131t \u015f\u0259h\u0259rind\u0259 pedaqoji f\u0259aliyy\u0259t g\u00f6st\u0259r\u0259n, m\u00fc\u0259llim v\u0259 direktor m\u00fcavini kimi \u00e7al\u0131\u015fan \u015e\u0259hriyar \u018fliyev v\u0259fat edib.<\/strong><\/p>\n<p><a href=\"https:\/\/nocomment.az\/\" target=\"_blank\" rel=\"noopener noreferrer\"><span class=\"site-mention\">Mecra.az<\/span><\/a>\u00a0x\u0259b\u0259r verir ki, \u015e\u0259hriyar \u018fliyev 40 il \u0259rzind\u0259 Sumqay\u0131t\u0131n 3, 25 v\u0259 19 n\u00f6mr\u0259li m\u0259kt\u0259bl\u0259rind\u0259 \u00e7al\u0131\u015f\u0131b.<\/p>\n<p>O, pedaqoji f\u0259aliyy\u0259ti il\u0259 yana\u015f\u0131, s\u0259mimiyy\u0259ti v\u0259 insanlarla xo\u015f m\u00fcnasib\u0259ti il\u0259 se\u00e7ilib, t\u0259hsil ictimaiyy\u0259ti v\u0259 onu tan\u0131yanlar aras\u0131nda\u00a0<strong>\u00e7ox sevil\u0259n insan<\/strong>\u00a0kimi yadda qal\u0131b.<\/p>\n<div class=\"entry-content\">\n<div>\n<p>\u015e\u0259hriyar \u018fliyevin v\u0259fat\u0131 yax\u0131nlar\u0131, h\u0259mkarlar\u0131 v\u0259 onu tan\u0131yanlar \u00fc\u00e7\u00fcn a\u011f\u0131r itki olub.<\/p>\n<p>T\u0259hsil ictimaiyy\u0259tin\u0259, m\u0259rhumun yax\u0131nlar\u0131na v\u0259 do\u011fmalar\u0131na d\u0259rin h\u00fcznl\u0259 ba\u015fsa\u011fl\u0131\u011f\u0131 veririk.<\/p>\n<\/div>\n<div>\n<p><strong>Allah r\u0259hm\u0259t el\u0259sin. <\/strong><a href=\"https:\/\/nocomment.az\/\" target=\"_blank\" rel=\"noopener noreferrer\"><span class=\"site-mention\">NOCOMMENT.az<\/span><\/a><\/p>\n<p><img decoding=\"async\" src=\"https:\/\/nocomment.az\/cdn\/posts\/2026\/09\/05\/1788585568853-afbee042e61a-content-11.jpg\" alt=\"\" \/><\/div>\n<\/div>\n","protected":false},"excerpt":{"rendered":"<p>Uzun ill\u0259r Sumqay\u0131t \u015f\u0259h\u0259rind\u0259 pedaqoji f\u0259aliyy\u0259t g\u00f6st\u0259r\u0259n, m\u00fc\u0259llim v\u0259 direktor m\u00fcavini kimi \u00e7al\u0131\u015fan \u015e\u0259hriyar \u018fliyev v\u0259fat edib. Mecra.az\u00a0x\u0259b\u0259r verir ki, \u015e\u0259hriyar \u018fliyev 40 il \u0259rzind\u0259 Sumqay\u0131t\u0131n 3, 25 v\u0259 19&hellip; <\/p>\n","protected":false},"author":1,"featured_media":62946,"comment_status":"open","ping_status":"open","sticky":false,"template":"","format":"standard","meta":{"footnotes":""},"categories":[69],"tags":[],"class_list":["post-62945","post","type-post","status-publish","format-standard","has-post-thumbnail","hentry","category-elm-v-thsil"],"_links":{"self":[{"href":"https:\/\/mecra.az\/index.php?rest_route=\/wp\/v2\/posts\/62945","targetHints":{"allow":["GET"]}}],"collection":[{"href":"https:\/\/mecra.az\/index.php?rest_route=\/wp\/v2\/posts"}],"about":[{"href":"https:\/\/mecra.az\/index.php?rest_route=\/wp\/v2\/types\/post"}],"author":[{"embeddable":true,"href":"https:\/\/mecra.az\/index.php?rest_route=\/wp\/v2\/users\/1"}],"replies":[{"embeddable":true,"href":"https:\/\/mecra.az\/index.php?rest_route=%2Fwp%2Fv2%2Fcomments&post=62945"}],"version-history":[{"count":1,"href":"https:\/\/mecra.az\/index.php?rest_route=\/wp\/v2\/posts\/62945\/revisions"}],"predecessor-version":[{"id":62947,"href":"https:\/\/mecra.az\/index.php?rest_route=\/wp\/v2\/posts\/62945\/revisions\/62947"}],"wp:featuredmedia":[{"embeddable":true,"href":"https:\/\/mecra.az\/index.php?rest_route=\/wp\/v2\/media\/62946"}],"wp:attachment":[{"href":"https:\/\/mecra.az\/index.php?rest_route=%2Fwp%2Fv2%2Fmedia&parent=62945"}],"wp:term":[{"taxonomy":"category","embeddable":true,"href":"https:\/\/mecra.az\/index.php?rest_route=%2Fwp%2Fv2%2Fcategories&post=62945"},{"taxonomy":"post_tag","embeddable":true,"href":"https:\/\/mecra.az\/index.php?rest_route=%2Fwp%2Fv2%2Ftags&post=62945"}],"curies":[{"name":"wp","href":"https:\/\/api.w.org\/{rel}","templated":true}]}}