{"id":62917,"date":"2026-09-04T22:07:00","date_gmt":"2026-09-04T18:07:00","guid":{"rendered":"https:\/\/mecra.az\/?p=62917"},"modified":"2026-09-04T22:07:00","modified_gmt":"2026-09-04T18:07:00","slug":"pay-torpaqlari-v%c9%99t%c9%99ndaslardan-alinacaq-komit%c9%99-uzvund%c9%99n-vacib-aciqlama","status":"publish","type":"post","link":"https:\/\/mecra.az\/?p=62917","title":{"rendered":"Pay torpaqlar\u0131 v\u0259t\u0259nda\u015flardan al\u0131nacaq? &#8211; Komit\u0259 \u00fczv\u00fcnd\u0259n <span class=\"mecra-highlight\" style=\"color:#ff0000;\">VAC\u0130B A\u00c7IQLAMA<\/span>"},"content":{"rendered":"<p>&#8220;Son ill\u0259r \u00fczr\u0259 D\u00f6vl\u0259t Proqram\u0131nda torpaq sah\u0259l\u0259rinin par\u00e7alanmas\u0131n\u0131n aradan qald\u0131r\u0131lmas\u0131 v\u0259 k\u0259nd t\u0259s\u0259rr\u00fcfat\u0131nda torpaqlardan daha s\u0259m\u0259r\u0259li istifad\u0259 m\u0259qs\u0259dil\u0259 torpaq konsolidasiyas\u0131, y\u0259ni ayr\u0131-ayr\u0131 ki\u00e7ik sah\u0259l\u0259rin k\u00f6n\u00fcll\u00fc \u015f\u0259kild\u0259 birl\u0259\u015fdirilm\u0259si n\u0259z\u0259rd\u0259 tutulub&#8221;.<\/p>\n<p><a href=\"http:\/\/Mecra.az\"><strong>Mecra.az<\/strong><\/a>\u00a0Baku.ws-\u0259 istinadla x\u0259b\u0259r verir ki, bunu Milli M\u0259clisin \u0130qtisadi siyas\u0259t, s\u0259naye v\u0259 sahibkarl\u0131q komit\u0259sinin \u00fczv\u00fc V\u00fcqar Bayramov bildirib.<\/p>\n<p>Deputat qeyd edib ki, bu prosesl\u0259 ba\u011fl\u0131 \u0259n \u00e7ox m\u00fczakir\u0259 olunan m\u0259qam pay torpaqlar\u0131n\u0131n v\u0259t\u0259nda\u015flardan al\u0131n\u0131b-al\u0131nmayaca\u011f\u0131d\u0131r:<\/p>\n<p>&#8220;Pay torpaqlar\u0131 he\u00e7 bir halda v\u0259t\u0259nda\u015flardan m\u0259cburi \u015f\u0259kild\u0259 al\u0131nmayacaq. Konsolidasiya yaln\u0131z torpaq sahibinin raz\u0131l\u0131\u011f\u0131 \u0259sas\u0131nda h\u0259yata ke\u00e7iril\u0259 bil\u0259r. Torpa\u011f\u0131n birg\u0259 istifad\u0259y\u0259 verilm\u0259si is\u0259 h\u0259min sah\u0259y\u0259 m\u00fclkiyy\u0259t h\u00fcququnun itirilm\u0259si dem\u0259k deyil.<\/p>\n<p>Konsolidasiyan\u0131n \u0259sas m\u0259qs\u0259di x\u0131rda v\u0259 par\u00e7alanm\u0131\u015f torpaq sah\u0259l\u0259rini daha s\u0259m\u0259r\u0259li t\u0259s\u0259rr\u00fcfat f\u0259aliyy\u0259tin\u0259 c\u0259lb etm\u0259kdir. Ki\u00e7ik sah\u0259l\u0259rd\u0259 m\u00fcasir suvarma sisteml\u0259rinin qurulmas\u0131, texnikadan s\u0259m\u0259r\u0259li istifad\u0259 v\u0259 m\u0259hsulun maya d\u0259y\u0259rinin a\u015fa\u011f\u0131 sal\u0131nmas\u0131 b\u0259z\u0259n \u00e7\u0259tin olur. Sah\u0259l\u0259r birl\u0259\u015fdirildikd\u0259 is\u0259 kombayn, traktor v\u0259 dig\u0259r k\u0259nd t\u0259s\u0259rr\u00fcfat\u0131 texnikas\u0131ndan daha s\u0259m\u0259r\u0259li istifad\u0259 etm\u0259k, suya q\u0259na\u0259t v\u0259 m\u0259hsuldarl\u0131\u011f\u0131 art\u0131rmaq imkanlar\u0131 geni\u015fl\u0259nir.<\/p>\n<p>M\u0259s\u0259l\u0259n, bir ne\u00e7\u0259 fermer \u00f6z torpaqlar\u0131n\u0131 k\u00f6n\u00fcll\u00fc \u015f\u0259kild\u0259 birg\u0259 istifad\u0259y\u0259 ver\u0259rs\u0259, h\u0259min sah\u0259l\u0259r vahid t\u0259s\u0259rr\u00fcfat kimi bec\u0259ril\u0259 bil\u0259r. \u018fld\u0259 olunan g\u0259lirin b\u00f6l\u00fc\u015fd\u00fcr\u00fclm\u0259si is\u0259 bir qayda olaraq, birl\u0259\u015fdiril\u0259n torpaqlar\u0131n \u00fcmumi sah\u0259d\u0259ki pay\u0131na uy\u011fun h\u0259yata ke\u00e7iril\u0259 bil\u0259r. Bel\u0259likl\u0259, fermer torpa\u011f\u0131n\u0131 itirm\u0259d\u0259n daha b\u00f6y\u00fck t\u0259s\u0259rr\u00fcfat\u0131n imkanlar\u0131ndan yararlan\u0131r&#8221;.<\/p>\n<p>V\u00fcqar Bayramov \u0259lav\u0259 edib ki, bu istiqam\u0259td\u0259 Niderland, \u0130srail v\u0259 C\u0259nubi Koreya kimi \u00f6lk\u0259l\u0259rin t\u0259cr\u00fcb\u0259sinin \u00f6yr\u0259nilm\u0259si d\u0259 t\u0259sad\u00fcfi deyil:<\/p>\n<p>&#8220;H\u0259min \u00f6lk\u0259l\u0259rin t\u0259cr\u00fcb\u0259si g\u00f6st\u0259rir ki, torpaqlar\u0131n daha s\u0259m\u0259r\u0259li t\u0259\u015fkil olunmas\u0131 k\u0259nd t\u0259s\u0259rr\u00fcfat\u0131nda m\u0259hsuldarl\u0131\u011f\u0131n y\u00fcks\u0259ldilm\u0259sin\u0259 v\u0259 istehsal imkanlar\u0131n\u0131n geni\u015fl\u0259nm\u0259sin\u0259 \u015f\u0259rait yarada bil\u0259r.<\/p>\n<p>Az\u0259rbaycanda apar\u0131lm\u0131\u015f torpaq islahat\u0131n\u0131n \u0259sas prinsipl\u0259rind\u0259n biri olan \u0259dal\u0259tlilik v\u0259 v\u0259t\u0259nda\u015f\u0131n m\u00fclkiyy\u0259t h\u00fcququnun qorunmas\u0131 bu prosesd\u0259 d\u0259 \u0259sas g\u00f6t\u00fcr\u00fcl\u00fcr. Buna g\u00f6r\u0259 d\u0259 konsolidasiya torpa\u011f\u0131n sahibind\u0259n al\u0131nmas\u0131 deyil, torpaq sahibin\u0259 \u00f6z sah\u0259sind\u0259n daha s\u0259m\u0259r\u0259li istifad\u0259 etm\u0259k v\u0259 g\u0259lirini art\u0131rmaq \u00fc\u00e7\u00fcn yeni imkanlar\u0131n yarad\u0131lmas\u0131 kimi n\u0259z\u0259rd\u0259 tutulur.<\/p>\n<p>Bir s\u00f6zl\u0259, v\u0259t\u0259nda\u015f\u0131n raz\u0131l\u0131\u011f\u0131 olmadan onun pay torpa\u011f\u0131 birl\u0259\u015fdirilm\u0259y\u0259c\u0259k v\u0259 m\u00fclkiyy\u0259t h\u00fcququ \u0259lind\u0259n al\u0131nmayacaq. \u018fsas h\u0259d\u0259f torpaqlar\u0131 v\u0259t\u0259nda\u015flardan almaq deyil, par\u00e7alanm\u0131\u015f sah\u0259l\u0259rin daha s\u0259m\u0259r\u0259li istifad\u0259si, x\u0259rcl\u0259rin azald\u0131lmas\u0131, m\u0259hsuldarl\u0131\u011f\u0131n art\u0131r\u0131lmas\u0131 v\u0259 n\u0259tic\u0259d\u0259 fermerl\u0259rin g\u0259lirl\u0259rinin y\u00fcks\u0259ldilm\u0259sidir&#8221;.<\/p>\n","protected":false},"excerpt":{"rendered":"<p>&#8220;Son ill\u0259r \u00fczr\u0259 D\u00f6vl\u0259t Proqram\u0131nda torpaq sah\u0259l\u0259rinin par\u00e7alanmas\u0131n\u0131n aradan qald\u0131r\u0131lmas\u0131 v\u0259 k\u0259nd t\u0259s\u0259rr\u00fcfat\u0131nda torpaqlardan daha s\u0259m\u0259r\u0259li istifad\u0259 m\u0259qs\u0259dil\u0259 torpaq konsolidasiyas\u0131, y\u0259ni ayr\u0131-ayr\u0131 ki\u00e7ik sah\u0259l\u0259rin k\u00f6n\u00fcll\u00fc \u015f\u0259kild\u0259 birl\u0259\u015fdirilm\u0259si n\u0259z\u0259rd\u0259 tutulub&#8221;. Mecra.az\u00a0Baku.ws-\u0259&hellip; <\/p>\n","protected":false},"author":1,"featured_media":62918,"comment_status":"open","ping_status":"open","sticky":false,"template":"","format":"standard","meta":{"footnotes":""},"categories":[73],"tags":[],"class_list":["post-62917","post","type-post","status-publish","format-standard","has-post-thumbnail","hentry","category-ekinci"],"_links":{"self":[{"href":"https:\/\/mecra.az\/index.php?rest_route=\/wp\/v2\/posts\/62917","targetHints":{"allow":["GET"]}}],"collection":[{"href":"https:\/\/mecra.az\/index.php?rest_route=\/wp\/v2\/posts"}],"about":[{"href":"https:\/\/mecra.az\/index.php?rest_route=\/wp\/v2\/types\/post"}],"author":[{"embeddable":true,"href":"https:\/\/mecra.az\/index.php?rest_route=\/wp\/v2\/users\/1"}],"replies":[{"embeddable":true,"href":"https:\/\/mecra.az\/index.php?rest_route=%2Fwp%2Fv2%2Fcomments&post=62917"}],"version-history":[{"count":1,"href":"https:\/\/mecra.az\/index.php?rest_route=\/wp\/v2\/posts\/62917\/revisions"}],"predecessor-version":[{"id":62919,"href":"https:\/\/mecra.az\/index.php?rest_route=\/wp\/v2\/posts\/62917\/revisions\/62919"}],"wp:featuredmedia":[{"embeddable":true,"href":"https:\/\/mecra.az\/index.php?rest_route=\/wp\/v2\/media\/62918"}],"wp:attachment":[{"href":"https:\/\/mecra.az\/index.php?rest_route=%2Fwp%2Fv2%2Fmedia&parent=62917"}],"wp:term":[{"taxonomy":"category","embeddable":true,"href":"https:\/\/mecra.az\/index.php?rest_route=%2Fwp%2Fv2%2Fcategories&post=62917"},{"taxonomy":"post_tag","embeddable":true,"href":"https:\/\/mecra.az\/index.php?rest_route=%2Fwp%2Fv2%2Ftags&post=62917"}],"curies":[{"name":"wp","href":"https:\/\/api.w.org\/{rel}","templated":true}]}}