{"id":62886,"date":"2026-09-04T15:44:48","date_gmt":"2026-09-04T11:44:48","guid":{"rendered":"https:\/\/mecra.az\/?p=62886"},"modified":"2026-09-04T15:44:48","modified_gmt":"2026-09-04T11:44:48","slug":"c%c9%99lilabadli-s%c9%99hidl%c9%99rin-xatir%c9%99si-anilir-foto","status":"publish","type":"post","link":"https:\/\/mecra.az\/?p=62886","title":{"rendered":"C\u0259lilabadl\u0131 \u015f\u0259hidl\u0259rin xatir\u0259si an\u0131l\u0131r &#8211; <span class=\"mecra-highlight\" style=\"color:#ff0000;\">FOTO<\/span>"},"content":{"rendered":"<p><strong>Erm\u0259nistan\u0131n t\u0259xribat diversiya qrupunun h\u00fccumunun qar\u015f\u0131s\u0131n\u0131 alark\u0259n \u015f\u0259hid olmu\u015f Az\u0259rbaycan Ordusunun zabitl\u0259ri F\u0259rid \u018fhm\u0259dov v\u0259 \u018fhm\u0259d Abdullayevin \u00f6l\u00fcm\u00fcnd\u0259n 16 il \u00f6t\u00fcr.<\/strong><\/p>\n<p>Az\u0259rbaycan Ordusunun zabitl\u0259ri F\u0259rid \u018fhm\u0259dov v\u0259 \u018fhm\u0259d Abdullayev 2010-cu il sentyabr\u0131n 3-d\u0259n 4-n\u0259 ke\u00e7\u0259n gec\u0259 T\u0259rt\u0259rin \u00c7il\u0259b\u00fcrt k\u0259ndi yax\u0131nl\u0131\u011f\u0131ndak\u0131 d\u00f6y\u00fc\u015fd\u0259 \u015f\u0259hid olublar.<\/p>\n<p>D\u00f6y\u00fc\u015f x\u0259ttind\u0259 oldu\u011fu \u00fc\u00e7\u00fcn F\u0259rid \u018fhm\u0259dovun n\u0259\u015fi d\u00fc\u015fm\u0259n t\u0259r\u0259fd\u0259 qal\u0131b v\u0259 yaln\u0131z noyabr\u0131n 6-da \u015f\u0259hid Milli Q\u0259hr\u0259man M\u00fcbariz \u0130brahimovun n\u0259\u015fi il\u0259 birlikd\u0259 qaytar\u0131l\u0131b.<\/p>\n<p>\u015e\u0259hid ba\u015f leytenant F\u0259rid \u018fhm\u0259dov \u0130kinci F\u0259xri xiyabanda, \u015f\u0259hid mayor \u018fhm\u0259d Abdullayev is\u0259 C\u0259lilabad \u015f\u0259h\u0259r q\u0259biristanl\u0131\u011f\u0131nda d\u0259fn olunub.<\/p>\n<p>H\u0259r iki zabit \u00f6l\u00fcm\u00fcnd\u0259n sonra Az\u0259rbaycan Respublikas\u0131 Prezidentinin m\u00fcvafiq s\u0259r\u0259ncamlar\u0131 il\u0259 m\u00fcxt\u0259lif medallarla t\u0259ltif edilibl\u0259r.<\/p>\n<p><strong>Allah c\u0259mi \u015f\u0259hidl\u0259rimiz\u0259 r\u0259hm\u0259t el\u0259sin!<\/strong><\/p>\n","protected":false},"excerpt":{"rendered":"<p>Erm\u0259nistan\u0131n t\u0259xribat diversiya qrupunun h\u00fccumunun qar\u015f\u0131s\u0131n\u0131 alark\u0259n \u015f\u0259hid olmu\u015f Az\u0259rbaycan Ordusunun zabitl\u0259ri F\u0259rid \u018fhm\u0259dov v\u0259 \u018fhm\u0259d Abdullayevin \u00f6l\u00fcm\u00fcnd\u0259n 16 il \u00f6t\u00fcr. Az\u0259rbaycan Ordusunun zabitl\u0259ri F\u0259rid \u018fhm\u0259dov v\u0259 \u018fhm\u0259d Abdullayev 2010-cu&hellip; <\/p>\n","protected":false},"author":1,"featured_media":62887,"comment_status":"open","ping_status":"open","sticky":false,"template":"","format":"standard","meta":{"footnotes":""},"categories":[74],"tags":[],"class_list":["post-62886","post","type-post","status-publish","format-standard","has-post-thumbnail","hentry","category-cmiyyt"],"_links":{"self":[{"href":"https:\/\/mecra.az\/index.php?rest_route=\/wp\/v2\/posts\/62886","targetHints":{"allow":["GET"]}}],"collection":[{"href":"https:\/\/mecra.az\/index.php?rest_route=\/wp\/v2\/posts"}],"about":[{"href":"https:\/\/mecra.az\/index.php?rest_route=\/wp\/v2\/types\/post"}],"author":[{"embeddable":true,"href":"https:\/\/mecra.az\/index.php?rest_route=\/wp\/v2\/users\/1"}],"replies":[{"embeddable":true,"href":"https:\/\/mecra.az\/index.php?rest_route=%2Fwp%2Fv2%2Fcomments&post=62886"}],"version-history":[{"count":1,"href":"https:\/\/mecra.az\/index.php?rest_route=\/wp\/v2\/posts\/62886\/revisions"}],"predecessor-version":[{"id":62888,"href":"https:\/\/mecra.az\/index.php?rest_route=\/wp\/v2\/posts\/62886\/revisions\/62888"}],"wp:featuredmedia":[{"embeddable":true,"href":"https:\/\/mecra.az\/index.php?rest_route=\/wp\/v2\/media\/62887"}],"wp:attachment":[{"href":"https:\/\/mecra.az\/index.php?rest_route=%2Fwp%2Fv2%2Fmedia&parent=62886"}],"wp:term":[{"taxonomy":"category","embeddable":true,"href":"https:\/\/mecra.az\/index.php?rest_route=%2Fwp%2Fv2%2Fcategories&post=62886"},{"taxonomy":"post_tag","embeddable":true,"href":"https:\/\/mecra.az\/index.php?rest_route=%2Fwp%2Fv2%2Ftags&post=62886"}],"curies":[{"name":"wp","href":"https:\/\/api.w.org\/{rel}","templated":true}]}}