{"id":62881,"date":"2026-09-04T15:32:46","date_gmt":"2026-09-04T11:32:46","guid":{"rendered":"https:\/\/mecra.az\/?p=62881"},"modified":"2026-09-04T15:32:46","modified_gmt":"2026-09-04T11:32:46","slug":"prezident-bu-olk%c9%99l%c9%99r%c9%99-yeni-s%c9%99firl%c9%99r-t%c9%99yin-etdi","status":"publish","type":"post","link":"https:\/\/mecra.az\/?p=62881","title":{"rendered":"Prezident bu \u00f6lk\u0259l\u0259r\u0259 yeni s\u0259firl\u0259r t\u0259yin <span class=\"mecra-highlight\" style=\"color:#ff0000;\">etdi<\/span>"},"content":{"rendered":"<p><strong>Vaqif \u0130smay\u0131l o\u011flu Sad\u0131qov Az\u0259rbaycan\u0131n \u0130sve\u00e7r\u0259 Konfederasiyas\u0131nda f\u00f6vq\u0259lad\u0259 v\u0259 s\u0259lahiyy\u0259tli s\u0259firi t\u0259yin edilib.<\/strong><\/p>\n<p><a href=\"http:\/\/Mecra.az\"><strong>Mecra.az<\/strong> <\/a>x\u0259b\u0259r verir ki, bununla ba\u011fl\u0131 Az\u0259rbaycan Prezidenti \u0130lham \u018fliyev S\u0259r\u0259ncam imzalay\u0131b.<\/p>\n<p>D\u00f6vl\u0259t ba\u015f\u00e7\u0131s\u0131n\u0131n dig\u0259r S\u0259r\u0259ncam\u0131na \u0259sas\u0259n,\u00a0Anar Keykavus o\u011flu \u018fc\u0259mov Az\u0259rbaycan\u0131n Niderland Krall\u0131\u011f\u0131nda f\u00f6vq\u0259lad\u0259 v\u0259 s\u0259lahiyy\u0259tli s\u0259firi t\u0259yin edilib.<\/p>\n<p>Xat\u0131rladaq ki, avqustun 10-u V.Sad\u0131qov Az\u0259rbaycan\u0131n Bel\u00e7ikada, eyni zamanda L\u00fcksemburqda f\u00f6vq\u0259lad\u0259 v\u0259 s\u0259lahiyy\u0259tli s\u0259firi v\u0259 Az\u0259rbaycan\u0131n Avropa \u0130ttifaq\u0131 yan\u0131nda N\u00fcmay\u0259nd\u0259liyinin ba\u015f\u00e7\u0131s\u0131 v\u0259zif\u0259l\u0259rind\u0259n geri \u00e7a\u011f\u0131r\u0131lm\u0131\u015fd\u0131.<\/p>\n","protected":false},"excerpt":{"rendered":"<p>Vaqif \u0130smay\u0131l o\u011flu Sad\u0131qov Az\u0259rbaycan\u0131n \u0130sve\u00e7r\u0259 Konfederasiyas\u0131nda f\u00f6vq\u0259lad\u0259 v\u0259 s\u0259lahiyy\u0259tli s\u0259firi t\u0259yin edilib. Mecra.az x\u0259b\u0259r verir ki, bununla ba\u011fl\u0131 Az\u0259rbaycan Prezidenti \u0130lham \u018fliyev S\u0259r\u0259ncam imzalay\u0131b. D\u00f6vl\u0259t ba\u015f\u00e7\u0131s\u0131n\u0131n dig\u0259r S\u0259r\u0259ncam\u0131na \u0259sas\u0259n,\u00a0Anar&hellip; <\/p>\n","protected":false},"author":1,"featured_media":43290,"comment_status":"open","ping_status":"open","sticky":false,"template":"","format":"standard","meta":{"footnotes":""},"categories":[1],"tags":[],"class_list":["post-62881","post","type-post","status-publish","format-standard","has-post-thumbnail","hentry","category-manset"],"_links":{"self":[{"href":"https:\/\/mecra.az\/index.php?rest_route=\/wp\/v2\/posts\/62881","targetHints":{"allow":["GET"]}}],"collection":[{"href":"https:\/\/mecra.az\/index.php?rest_route=\/wp\/v2\/posts"}],"about":[{"href":"https:\/\/mecra.az\/index.php?rest_route=\/wp\/v2\/types\/post"}],"author":[{"embeddable":true,"href":"https:\/\/mecra.az\/index.php?rest_route=\/wp\/v2\/users\/1"}],"replies":[{"embeddable":true,"href":"https:\/\/mecra.az\/index.php?rest_route=%2Fwp%2Fv2%2Fcomments&post=62881"}],"version-history":[{"count":1,"href":"https:\/\/mecra.az\/index.php?rest_route=\/wp\/v2\/posts\/62881\/revisions"}],"predecessor-version":[{"id":62882,"href":"https:\/\/mecra.az\/index.php?rest_route=\/wp\/v2\/posts\/62881\/revisions\/62882"}],"wp:featuredmedia":[{"embeddable":true,"href":"https:\/\/mecra.az\/index.php?rest_route=\/wp\/v2\/media\/43290"}],"wp:attachment":[{"href":"https:\/\/mecra.az\/index.php?rest_route=%2Fwp%2Fv2%2Fmedia&parent=62881"}],"wp:term":[{"taxonomy":"category","embeddable":true,"href":"https:\/\/mecra.az\/index.php?rest_route=%2Fwp%2Fv2%2Fcategories&post=62881"},{"taxonomy":"post_tag","embeddable":true,"href":"https:\/\/mecra.az\/index.php?rest_route=%2Fwp%2Fv2%2Ftags&post=62881"}],"curies":[{"name":"wp","href":"https:\/\/api.w.org\/{rel}","templated":true}]}}