{"id":62860,"date":"2026-09-04T11:15:32","date_gmt":"2026-09-04T07:15:32","guid":{"rendered":"https:\/\/mecra.az\/?p=62860"},"modified":"2026-09-04T11:15:32","modified_gmt":"2026-09-04T07:15:32","slug":"anar-bayramov-ona-yuks%c9%99k-vezife-verdi-foto","status":"publish","type":"post","link":"https:\/\/mecra.az\/?p=62860","title":{"rendered":"Anar Bayramov ona y\u00fcks\u0259k V\u018fZ\u0130F\u018f VERD\u0130 &#8211; <span class=\"mecra-highlight\" style=\"color:#ff0000;\">FOTO<\/span>"},"content":{"rendered":"<div class=\"post-detail-content-inner resize-area\">\n<p><strong>Salyan M\u0259rk\u0259zi X\u0259st\u0259xanas\u0131na yeni direktor t\u0259yinat\u0131 olub.<\/strong><\/p>\n<p><b><a href=\"http:\/\/Mecra.az\">Mecra.az<\/a> <\/b>Nocomment.az-a istinadla x\u0259b\u0259r verir ki, Tibbi \u018frazi B\u00f6lm\u0259l\u0259rini \u0130dar\u0259etm\u0259 Birliyinin (T\u018fB\u0130B) icra\u00e7\u0131 direktoru Anar Bayramovun m\u00fcvafiq \u0259mri il\u0259 T\u0259ran\u0259 Axundova bu v\u0259zif\u0259y\u0259 t\u0259yin edilib.<\/p>\n<p>Qeyd ed\u0259k ki, T.Axundova bundan \u0259vv\u0259l h\u0259min x\u0259st\u0259xanada fizioterapevt kimi f\u0259aliyy\u0259t g\u00f6st\u0259rirdi.<\/p>\n<p><img loading=\"lazy\" decoding=\"async\" class=\"inner-photo\" src=\"https:\/\/images.oxu.az\/2026\/09\/04\/AUaPxuz28NGAlxtOV035VsYGqIpsLPGb1UNdJ84a:640.jpg\" alt=\"Anar Bayramov T\u0259ran\u0259 Axundovaya y\u00fcks\u0259k V\u018fZ\u0130F\u018f VERD\u0130 - FOTO\" width=\"640\" height=\"640\" \/><\/p>\n<\/div>\n<div class=\"tag-area tag-area-slide tag-area--slider mb-4\">\n<div class=\"swiper swiper-initialized swiper-horizontal swiper-pointer-events swiper-free-mode swiper-watch-progress swiper-backface-hidden\">\n<div id=\"swiper-wrapper-5e69a1dc107a2849f\" class=\"swiper-wrapper\" aria-live=\"polite\">\n<div class=\"swiper-slide swiper-slide-visible swiper-slide-active\" role=\"group\" aria-label=\"1 \/ 2\"><\/div>\n<\/div>\n<\/div>\n<\/div>\n","protected":false},"excerpt":{"rendered":"<p>Salyan M\u0259rk\u0259zi X\u0259st\u0259xanas\u0131na yeni direktor t\u0259yinat\u0131 olub. Mecra.az Nocomment.az-a istinadla x\u0259b\u0259r verir ki, Tibbi \u018frazi B\u00f6lm\u0259l\u0259rini \u0130dar\u0259etm\u0259 Birliyinin (T\u018fB\u0130B) icra\u00e7\u0131 direktoru Anar Bayramovun m\u00fcvafiq \u0259mri il\u0259 T\u0259ran\u0259 Axundova bu v\u0259zif\u0259y\u0259&hellip; <\/p>\n","protected":false},"author":1,"featured_media":59752,"comment_status":"open","ping_status":"open","sticky":false,"template":"","format":"standard","meta":{"footnotes":""},"categories":[48],"tags":[],"class_list":["post-62860","post","type-post","status-publish","format-standard","has-post-thumbnail","hentry","category-sosial"],"_links":{"self":[{"href":"https:\/\/mecra.az\/index.php?rest_route=\/wp\/v2\/posts\/62860","targetHints":{"allow":["GET"]}}],"collection":[{"href":"https:\/\/mecra.az\/index.php?rest_route=\/wp\/v2\/posts"}],"about":[{"href":"https:\/\/mecra.az\/index.php?rest_route=\/wp\/v2\/types\/post"}],"author":[{"embeddable":true,"href":"https:\/\/mecra.az\/index.php?rest_route=\/wp\/v2\/users\/1"}],"replies":[{"embeddable":true,"href":"https:\/\/mecra.az\/index.php?rest_route=%2Fwp%2Fv2%2Fcomments&post=62860"}],"version-history":[{"count":1,"href":"https:\/\/mecra.az\/index.php?rest_route=\/wp\/v2\/posts\/62860\/revisions"}],"predecessor-version":[{"id":62861,"href":"https:\/\/mecra.az\/index.php?rest_route=\/wp\/v2\/posts\/62860\/revisions\/62861"}],"wp:featuredmedia":[{"embeddable":true,"href":"https:\/\/mecra.az\/index.php?rest_route=\/wp\/v2\/media\/59752"}],"wp:attachment":[{"href":"https:\/\/mecra.az\/index.php?rest_route=%2Fwp%2Fv2%2Fmedia&parent=62860"}],"wp:term":[{"taxonomy":"category","embeddable":true,"href":"https:\/\/mecra.az\/index.php?rest_route=%2Fwp%2Fv2%2Fcategories&post=62860"},{"taxonomy":"post_tag","embeddable":true,"href":"https:\/\/mecra.az\/index.php?rest_route=%2Fwp%2Fv2%2Ftags&post=62860"}],"curies":[{"name":"wp","href":"https:\/\/api.w.org\/{rel}","templated":true}]}}