{"id":62851,"date":"2026-09-04T10:39:44","date_gmt":"2026-09-04T06:39:44","guid":{"rendered":"https:\/\/mecra.az\/?p=62851"},"modified":"2026-09-04T10:39:44","modified_gmt":"2026-09-04T06:39:44","slug":"prezident-melonini-t%c9%99brik-etdi","status":"publish","type":"post","link":"https:\/\/mecra.az\/?p=62851","title":{"rendered":"Prezident Melonini t\u0259brik <span class=\"mecra-highlight\" style=\"color:#ff0000;\">etdi<\/span>"},"content":{"rendered":"<p><strong>Az\u0259rbaycan Prezidenti \u0130lham \u018fliyev \u0130taliyan\u0131n Ba\u015f naziri\u00a0Corcia Melonini t\u0259brik edib.<\/strong><\/p>\n<p><a href=\"http:\/\/Mecra.az\"><strong>Mecra.az<\/strong><\/a> x\u0259b\u0259r verir ki, bununla ba\u011fl\u0131 d\u00f6vl\u0259t ba\u015f\u00e7\u0131s\u0131 \u201cX\u201d hesab\u0131nda payla\u015f\u0131m edib.<\/p>\n<p>\u201c\u0130taliya Respublikas\u0131n\u0131n tarixind\u0259 \u0259n uzun m\u00fcdd\u0259t Ba\u015f nazir v\u0259zif\u0259sind\u0259 olan Corcia Melonini s\u0259mimi-q\u0259lbd\u0259n t\u0259brik edir\u0259m.<\/p>\n<p>Bu tarixi nailiyy\u0259t onun g\u00fccl\u00fc liderliyini, siyasi q\u0259tiyy\u0259tini v\u0259 \u0130taliya xalq\u0131n\u0131n etimad\u0131n\u0131 \u0259ks etdirir.<\/p>\n<p>Ba\u015f nazir Meloninin Az\u0259rbaycan il\u0259 \u0130taliya aras\u0131nda strateji t\u0259r\u0259fda\u015fl\u0131\u011f\u0131n m\u00f6hk\u0259ml\u0259ndirilm\u0259sind\u0259 \u015f\u0259xsi rolunu v\u0259 d\u0259y\u0259rli t\u00f6hf\u0259sini y\u00fcks\u0259k qiym\u0259tl\u0259ndirir\u0259m. \u018fmin\u0259m ki, \u00f6lk\u0259l\u0259rimiz v\u0259 xalqlar\u0131m\u0131z\u0131n rifah\u0131 namin\u0259 dostlu\u011fumuz v\u0259 qar\u015f\u0131l\u0131ql\u0131 faydal\u0131 \u0259m\u0259kda\u015fl\u0131\u011f\u0131m\u0131z bundan sonra da d\u0259rinl\u0259\u015f\u0259c\u0259k v\u0259 geni\u015fl\u0259n\u0259c\u0259k\u201d, &#8211; payla\u015f\u0131mda deyilir.<\/p>\n","protected":false},"excerpt":{"rendered":"<p>Az\u0259rbaycan Prezidenti \u0130lham \u018fliyev \u0130taliyan\u0131n Ba\u015f naziri\u00a0Corcia Melonini t\u0259brik edib. Mecra.az x\u0259b\u0259r verir ki, bununla ba\u011fl\u0131 d\u00f6vl\u0259t ba\u015f\u00e7\u0131s\u0131 \u201cX\u201d hesab\u0131nda payla\u015f\u0131m edib. \u201c\u0130taliya Respublikas\u0131n\u0131n tarixind\u0259 \u0259n uzun m\u00fcdd\u0259t Ba\u015f nazir&hellip; <\/p>\n","protected":false},"author":1,"featured_media":62852,"comment_status":"open","ping_status":"open","sticky":false,"template":"","format":"standard","meta":{"footnotes":""},"categories":[1],"tags":[],"class_list":["post-62851","post","type-post","status-publish","format-standard","has-post-thumbnail","hentry","category-manset"],"_links":{"self":[{"href":"https:\/\/mecra.az\/index.php?rest_route=\/wp\/v2\/posts\/62851","targetHints":{"allow":["GET"]}}],"collection":[{"href":"https:\/\/mecra.az\/index.php?rest_route=\/wp\/v2\/posts"}],"about":[{"href":"https:\/\/mecra.az\/index.php?rest_route=\/wp\/v2\/types\/post"}],"author":[{"embeddable":true,"href":"https:\/\/mecra.az\/index.php?rest_route=\/wp\/v2\/users\/1"}],"replies":[{"embeddable":true,"href":"https:\/\/mecra.az\/index.php?rest_route=%2Fwp%2Fv2%2Fcomments&post=62851"}],"version-history":[{"count":1,"href":"https:\/\/mecra.az\/index.php?rest_route=\/wp\/v2\/posts\/62851\/revisions"}],"predecessor-version":[{"id":62853,"href":"https:\/\/mecra.az\/index.php?rest_route=\/wp\/v2\/posts\/62851\/revisions\/62853"}],"wp:featuredmedia":[{"embeddable":true,"href":"https:\/\/mecra.az\/index.php?rest_route=\/wp\/v2\/media\/62852"}],"wp:attachment":[{"href":"https:\/\/mecra.az\/index.php?rest_route=%2Fwp%2Fv2%2Fmedia&parent=62851"}],"wp:term":[{"taxonomy":"category","embeddable":true,"href":"https:\/\/mecra.az\/index.php?rest_route=%2Fwp%2Fv2%2Fcategories&post=62851"},{"taxonomy":"post_tag","embeddable":true,"href":"https:\/\/mecra.az\/index.php?rest_route=%2Fwp%2Fv2%2Ftags&post=62851"}],"curies":[{"name":"wp","href":"https:\/\/api.w.org\/{rel}","templated":true}]}}