{"id":62793,"date":"2026-09-03T13:56:20","date_gmt":"2026-09-03T09:56:20","guid":{"rendered":"https:\/\/mecra.az\/?p=62793"},"modified":"2026-09-03T13:56:20","modified_gmt":"2026-09-03T09:56:20","slug":"munaqis%c9%99nin-sulh-yolu-il%c9%99-h%c9%99lli-ucun-sanslar-var","status":"publish","type":"post","link":"https:\/\/mecra.az\/?p=62793","title":{"rendered":"\u201cM\u00fcnaqi\u015f\u0259nin s\u00fclh yolu il\u0259 h\u0259lli \u00fc\u00e7\u00fcn \u015fanslar var\u201d"},"content":{"rendered":"<p><strong>\u201cRusiya-Ukrayna m\u00fcnaqi\u015f\u0259sinin s\u00fclh yolu il\u0259 h\u0259lli \u00fc\u00e7\u00fcn \u015fanslar var\u201d.<\/strong><\/p>\n<p>\u201cQafqazinfo\u201d TASS-a istinad\u0259n x\u0259b\u0259r verir ki, bunu Rusiya Prezidenti Vladimir Putin \u015e\u0259rq \u0130qtisadi Forumunun plenar sessiyas\u0131nda \u00e7\u0131x\u0131\u015f\u0131 zaman\u0131 bildirib.<\/p>\n<p>\u201cLakin bunun \u00fc\u00e7\u00fcn ilk n\u00f6vb\u0259d\u0259 Moskva v\u0259 Kiyev \u00f6z aralar\u0131nda raz\u0131l\u0131\u011fa g\u0259lm\u0259lidir. B\u00fct\u00fcn dig\u0259r \u00f6lk\u0259l\u0259r d\u0259st\u0259kl\u0259m\u0259y\u0259 v\u0259 k\u00f6m\u0259k etm\u0259y\u0259 haz\u0131rd\u0131r&#8230; Amma bununla bel\u0259, n\u0259tic\u0259 etibaril\u0259 v\u0259 h\u0259r \u015feyd\u0259n \u0259vv\u0259l bu problemi m\u00fcnaqi\u015f\u0259 t\u0259r\u0259fl\u0259ri, y\u0259ni Rusiya v\u0259 Ukrayna h\u0259ll etm\u0259lidir. Bu yana\u015fma d\u00fczg\u00fcnd\u00fcr\u201d, &#8211; o deyib.<\/p>\n<p>Putin h\u0259m\u00e7inin Rusiya v\u0259 Ukrayna aras\u0131nda x\u00fcsusi xidm\u0259t orqanlar\u0131 x\u0259tti il\u0259 t\u0259maslar\u0131n davam etdiyini s\u00f6zl\u0259rin\u0259 \u0259lav\u0259 edib.<\/p>\n","protected":false},"excerpt":{"rendered":"<p>\u201cRusiya-Ukrayna m\u00fcnaqi\u015f\u0259sinin s\u00fclh yolu il\u0259 h\u0259lli \u00fc\u00e7\u00fcn \u015fanslar var\u201d. \u201cQafqazinfo\u201d TASS-a istinad\u0259n x\u0259b\u0259r verir ki, bunu Rusiya Prezidenti Vladimir Putin \u015e\u0259rq \u0130qtisadi Forumunun plenar sessiyas\u0131nda \u00e7\u0131x\u0131\u015f\u0131 zaman\u0131 bildirib. \u201cLakin bunun&hellip; <\/p>\n","protected":false},"author":1,"featured_media":62794,"comment_status":"open","ping_status":"open","sticky":false,"template":"","format":"standard","meta":{"footnotes":""},"categories":[55],"tags":[],"class_list":["post-62793","post","type-post","status-publish","format-standard","has-post-thumbnail","hentry","category-dunya"],"_links":{"self":[{"href":"https:\/\/mecra.az\/index.php?rest_route=\/wp\/v2\/posts\/62793","targetHints":{"allow":["GET"]}}],"collection":[{"href":"https:\/\/mecra.az\/index.php?rest_route=\/wp\/v2\/posts"}],"about":[{"href":"https:\/\/mecra.az\/index.php?rest_route=\/wp\/v2\/types\/post"}],"author":[{"embeddable":true,"href":"https:\/\/mecra.az\/index.php?rest_route=\/wp\/v2\/users\/1"}],"replies":[{"embeddable":true,"href":"https:\/\/mecra.az\/index.php?rest_route=%2Fwp%2Fv2%2Fcomments&post=62793"}],"version-history":[{"count":1,"href":"https:\/\/mecra.az\/index.php?rest_route=\/wp\/v2\/posts\/62793\/revisions"}],"predecessor-version":[{"id":62795,"href":"https:\/\/mecra.az\/index.php?rest_route=\/wp\/v2\/posts\/62793\/revisions\/62795"}],"wp:featuredmedia":[{"embeddable":true,"href":"https:\/\/mecra.az\/index.php?rest_route=\/wp\/v2\/media\/62794"}],"wp:attachment":[{"href":"https:\/\/mecra.az\/index.php?rest_route=%2Fwp%2Fv2%2Fmedia&parent=62793"}],"wp:term":[{"taxonomy":"category","embeddable":true,"href":"https:\/\/mecra.az\/index.php?rest_route=%2Fwp%2Fv2%2Fcategories&post=62793"},{"taxonomy":"post_tag","embeddable":true,"href":"https:\/\/mecra.az\/index.php?rest_route=%2Fwp%2Fv2%2Ftags&post=62793"}],"curies":[{"name":"wp","href":"https:\/\/api.w.org\/{rel}","templated":true}]}}