{"id":62786,"date":"2026-09-03T13:18:57","date_gmt":"2026-09-03T09:18:57","guid":{"rendered":"https:\/\/mecra.az\/?p=62786"},"modified":"2026-09-03T13:18:57","modified_gmt":"2026-09-03T09:18:57","slug":"s%c9%99rurlu-isf%c9%99ndiyari-m%c9%99hk%c9%99m%c9%99y%c9%99-ver%c9%99n-is-adamina-13-il-h%c9%99bs","status":"publish","type":"post","link":"https:\/\/mecra.az\/?p=62786","title":{"rendered":"\u015e\u0259rurlu \u0130sf\u0259ndiyar\u0131 m\u0259hk\u0259m\u0259y\u0259 ver\u0259n i\u015f adam\u0131na &#8211; <span class=\"mecra-highlight\" style=\"color:#ff0000;\">13 il h\u0259bs<\/span>"},"content":{"rendered":"<div class=\"panel-body news_text\">\n<p><strong>\u201cProgress-2016\u201d MTK-n\u0131n r\u0259hb\u0259ri\u00a0<a href=\"https:\/\/qafqazinfo.az\/news\/detail\/bakida-taninmis-is-adami-hebs-edildi-386642?fbclid=IwY2xjawJaC_xleHRuA2FlbQIxMAABHTnckUQcFBHTxqRf68mtVjcFyQQKaJJvsEY5N5fM5rYDSAtf-GlVC4VMtw_aem__lZf0G10DXaI4699SiWa_Q\" target=\"_blank\" rel=\"noopener\">Emil S\u0259m\u0259nd\u0259rovun\u00a0<\/a>m\u0259hk\u0259m\u0259 ara\u015fd\u0131rmas\u0131 ba\u015fa \u00e7at\u0131b.<\/strong><\/p>\n<p>\u201cQafqazinfo\u201dnun \u0259ld\u0259 etdiyi m\u0259lumata g\u00f6r\u0259, Sumqay\u0131t A\u011f\u0131r Cinay\u0259tl\u0259r M\u0259hk\u0259m\u0259sind\u0259 ke\u00e7iril\u0259n sonuncu iclasda h\u00f6km elan edilib.<\/p>\n<p>\u015eirk\u0259t r\u0259hb\u0259rin\u0259 Ba\u015f Prokuror yan\u0131nda Korrupsiyaya qar\u015f\u0131 M\u00fcbariz\u0259 Ba\u015f \u0130dar\u0259si t\u0259r\u0259find\u0259n x\u00fcsusil\u0259 k\u00fclli miqdarda d\u0259l\u0259duzluq madd\u0259si il\u0259 veril\u0259n ittiham z\u0259r\u0259r\u00e7\u0259kmi\u015f \u015f\u0259xsl\u0259rin v\u0259 \u015fahidl\u0259rin ifad\u0259l\u0259ri il\u0259 t\u0259sdiqini tap\u0131b. T\u0259qsirl\u0259ndiril\u0259n \u015f\u0259xsin eyni m\u0259nzili bir ne\u00e7\u0259 n\u0259f\u0259r\u0259 satd\u0131\u011f\u0131 s\u00fcbuta yetirilib.<\/p>\n<p><strong>H\u00f6km\u0259 \u0259sas\u0259n, S\u0259m\u0259nd\u0259rova ittiham olundu\u011fu madd\u0259nin sanksiyas\u0131n\u0131n yuxar\u0131 h\u0259ddi &#8211; 13 il h\u0259bs c\u0259zas\u0131 verilib.<\/strong><\/p>\n<p><em><strong>Fotoda:<\/strong>\u00a0Emil S\u0259m\u0259nd\u0259rov<\/em><\/p>\n<p><strong><img decoding=\"async\" src=\"https:\/\/qafqazinfo.az\/uploads\/images\/semenderov.jpg\" alt=\"\" width=\"100%\" \/><\/strong><\/p>\n<p>Qeyd ed\u0259k ki, haz\u0131rda t\u0259qsirli bilin\u0259n \u015firk\u0259t r\u0259hb\u0259ri bu yax\u0131nlarda m\u0259\u015fhur i\u015f adam\u0131 \u0130sf\u0259ndiyar Axundovu m\u0259hk\u0259m\u0259y\u0259 verm\u0259si il\u0259 g\u00fcnd\u0259m\u0259 g\u0259lmi\u015fdi. Buna s\u0259b\u0259b is\u0259 \u015e\u0259rurlu \u0130sf\u0259ndiyar\u0131n bir verili\u015fd\u0259 onu \u201cd\u0259l\u0259duz\u201d adland\u0131rmas\u0131 olub. S\u0259m\u0259nd\u0259rov qanuni q\u00fcvv\u0259y\u0259 minmi\u015f m\u0259hk\u0259m\u0259 h\u00f6km\u00fc olmadan bu ifad\u0259ni \u00f6z\u00fcn\u0259 qar\u015f\u0131 t\u0259hqir v\u0259 b\u00f6htan hesab ed\u0259r\u0259k qar\u015f\u0131 t\u0259r\u0259fin c\u0259zaland\u0131r\u0131lmas\u0131n\u0131 ist\u0259yib. M\u0259hk\u0259m\u0259 \u015fikay\u0259ti \u0259sass\u0131z sayaraq \u015e\u0259rurlu \u0130sf\u0259ndiyara\u00a0<a href=\"https:\/\/qafqazinfo.az\/news\/detail\/serurlu-isfendiyara-beraet-verildi-493527\" target=\"_blank\" rel=\"noopener\"><strong>b\u0259ra\u0259t verib.<\/strong><\/a><\/p>\n<p><iframe loading=\"lazy\" title=\"\u015e\u0259rurlu \u0130sf\u0259ndiyar\u0131 m\u0259hk\u0259m\u0259y\u0259 ver\u0259n i\u015f adam\u0131na - 13 il h\u0259bs\" src=\"https:\/\/www.youtube.com\/embed\/EH7SN_QfiUo\" width=\"567\" height=\"400\" frameborder=\"0\" allowfullscreen=\"allowfullscreen\" data-mce-fragment=\"1\"><\/iframe><\/p>\n<div><\/div>\n<\/div>\n","protected":false},"excerpt":{"rendered":"<p>\u201cProgress-2016\u201d MTK-n\u0131n r\u0259hb\u0259ri\u00a0Emil S\u0259m\u0259nd\u0259rovun\u00a0m\u0259hk\u0259m\u0259 ara\u015fd\u0131rmas\u0131 ba\u015fa \u00e7at\u0131b. \u201cQafqazinfo\u201dnun \u0259ld\u0259 etdiyi m\u0259lumata g\u00f6r\u0259, Sumqay\u0131t A\u011f\u0131r Cinay\u0259tl\u0259r M\u0259hk\u0259m\u0259sind\u0259 ke\u00e7iril\u0259n sonuncu iclasda h\u00f6km elan edilib. \u015eirk\u0259t r\u0259hb\u0259rin\u0259 Ba\u015f Prokuror yan\u0131nda Korrupsiyaya qar\u015f\u0131 M\u00fcbariz\u0259&hellip; <\/p>\n","protected":false},"author":1,"featured_media":62787,"comment_status":"open","ping_status":"open","sticky":false,"template":"","format":"standard","meta":{"footnotes":""},"categories":[59],"tags":[],"class_list":["post-62786","post","type-post","status-publish","format-standard","has-post-thumbnail","hentry","category-kriminal"],"_links":{"self":[{"href":"https:\/\/mecra.az\/index.php?rest_route=\/wp\/v2\/posts\/62786","targetHints":{"allow":["GET"]}}],"collection":[{"href":"https:\/\/mecra.az\/index.php?rest_route=\/wp\/v2\/posts"}],"about":[{"href":"https:\/\/mecra.az\/index.php?rest_route=\/wp\/v2\/types\/post"}],"author":[{"embeddable":true,"href":"https:\/\/mecra.az\/index.php?rest_route=\/wp\/v2\/users\/1"}],"replies":[{"embeddable":true,"href":"https:\/\/mecra.az\/index.php?rest_route=%2Fwp%2Fv2%2Fcomments&post=62786"}],"version-history":[{"count":1,"href":"https:\/\/mecra.az\/index.php?rest_route=\/wp\/v2\/posts\/62786\/revisions"}],"predecessor-version":[{"id":62788,"href":"https:\/\/mecra.az\/index.php?rest_route=\/wp\/v2\/posts\/62786\/revisions\/62788"}],"wp:featuredmedia":[{"embeddable":true,"href":"https:\/\/mecra.az\/index.php?rest_route=\/wp\/v2\/media\/62787"}],"wp:attachment":[{"href":"https:\/\/mecra.az\/index.php?rest_route=%2Fwp%2Fv2%2Fmedia&parent=62786"}],"wp:term":[{"taxonomy":"category","embeddable":true,"href":"https:\/\/mecra.az\/index.php?rest_route=%2Fwp%2Fv2%2Fcategories&post=62786"},{"taxonomy":"post_tag","embeddable":true,"href":"https:\/\/mecra.az\/index.php?rest_route=%2Fwp%2Fv2%2Ftags&post=62786"}],"curies":[{"name":"wp","href":"https:\/\/api.w.org\/{rel}","templated":true}]}}