{"id":62783,"date":"2026-09-03T11:41:16","date_gmt":"2026-09-03T07:41:16","guid":{"rendered":"https:\/\/mecra.az\/?p=62783"},"modified":"2026-09-03T11:41:16","modified_gmt":"2026-09-03T07:41:16","slug":"iham-eliyev-atet-parlament-assambleyasinin-prezidentini-q%c9%99bul-etdi-fotolar","status":"publish","type":"post","link":"https:\/\/mecra.az\/?p=62783","title":{"rendered":"\u0130ham \u018fliyev AT\u018fT Parlament Assambleyas\u0131n\u0131n prezidentini q\u0259bul etdi &#8211; <span class=\"mecra-highlight\" style=\"color:#ff0000;\">FOTOLAR<\/span>"},"content":{"rendered":"<div class=\"panel-body news_text\">\n<p><strong>Az\u0259rbaycan Prezidenti \u0130lham \u018fliyev bu g\u00fcn AT\u018fT Parlament Assambleyas\u0131n\u0131n prezidenti Pere Joan Pons Sanpietronu q\u0259bul edib.<\/strong><\/p>\n<p><a href=\"http:\/\/Mecra.az\"><strong>Mecra.az<\/strong> <\/a>x\u0259b\u0259r verir ki, qonaq AT\u018fT m\u0259kan\u0131nda m\u00f6vcud m\u00fcnaqi\u015f\u0259l\u0259rd\u0259n birinin h\u0259ll olundu\u011funu v\u0259 regionda davaml\u0131 s\u00fclh\u00fcn t\u0259min edildiyini dey\u0259r\u0259k, bu x\u00fcsusda d\u00f6vl\u0259t ba\u015f\u00e7\u0131s\u0131n\u0131 Az\u0259rbaycanla Erm\u0259nistan aras\u0131nda s\u00fclh g\u00fcnd\u0259liyind\u0259 qazan\u0131lm\u0131\u015f nailiyy\u0259tl\u0259r m\u00fcnasib\u0259til\u0259 t\u0259brik edib.<\/p>\n<p>T\u0259brikl\u0259r\u0259 g\u00f6r\u0259 t\u0259\u015f\u0259kk\u00fcr\u00fcn\u00fc bildir\u0259n d\u00f6vl\u0259t ba\u015f\u00e7\u0131s\u0131 30 il\u0259 yax\u0131n m\u00fcdd\u0259td\u0259 m\u00fcnaqi\u015f\u0259nin h\u0259llin\u0259 m\u0259sul olan AT\u018fT-in Minsk qrupu t\u0259r\u0259find\u0259n dan\u0131\u015f\u0131qlar prosesind\u0259 h\u0259r hans\u0131 bir n\u0259tic\u0259nin \u0259ld\u0259 edilm\u0259diyini v\u0259 BMT T\u0259hl\u00fck\u0259sizlik \u015euras\u0131n\u0131n Erm\u0259nistan qo\u015funlar\u0131n\u0131n Az\u0259rbaycan \u0259razisind\u0259n d\u0259rhal v\u0259 qeyd-\u015f\u0259rtsiz \u00e7\u0131xar\u0131lmas\u0131n\u0131 t\u0259l\u0259b ed\u0259n q\u0259tnam\u0259l\u0259rin yerin\u0259 yetirilm\u0259diyini t\u0259\u0259ss\u00fcfl\u0259 vur\u011fulay\u0131b.<\/p>\n<p>Prezident \u0130lham \u018fliyev deyib ki, Az\u0259rbaycan \u00f6z\u00fc m\u00fcnaqi\u015f\u0259y\u0259 h\u0259rbi-siyasi vasit\u0259l\u0259rl\u0259 son qoyub, \u0259razi b\u00fct\u00f6vl\u00fcy\u00fcn\u00fc v\u0259 suverenliyini t\u0259min edib.<\/p>\n<p>S\u00f6hb\u0259t zaman\u0131 Avropan\u0131n b\u0259zi parlament t\u0259sisatlar\u0131ndan f\u0259rqli olaraq, Az\u0259rbaycan\u0131n AT\u018fT Parlament Assambleyas\u0131 il\u0259 t\u0259maslar\u0131ndan v\u0259 siyasi dialoqdan m\u0259mnunluq ifad\u0259 edilib.<\/p>\n<p>AT\u018fT Parlament Assambleyas\u0131n\u0131n g\u00fcnd\u0259liyind\u0259 d\u0259 b\u00fct\u00fcn AT\u018fT m\u0259kan\u0131na balansl\u0131 m\u00fcnasib\u0259tin n\u00fcmayi\u015f etdirilm\u0259sinin \u00f6n\u0259mi vur\u011fulan\u0131b.<\/p>\n<p>G\u00f6r\u00fc\u015fd\u0259 m\u0259d\u0259niyy\u0259tl\u0259raras\u0131 dialoqa toxunulub, Az\u0259rbaycan\u0131n bu prosesd\u0259 rolu v\u0259 t\u00f6hf\u0259l\u0259ri m\u0259mnunluqla qeyd edilib.<\/p>\n<p>AT\u018fT Parlament Assambleyas\u0131n\u0131n prezidenti Bak\u0131da ke\u00e7iril\u0259n \u201c\u015e\u0259h\u0259rl\u0259rin b\u0259rpas\u0131 \u00fc\u00e7\u00fcn humanitar minat\u0259mizl\u0259m\u0259: T\u0259hl\u00fck\u0259siz ya\u015fay\u0131\u015f m\u0259sk\u0259nl\u0259ri \u00fc\u00e7\u00fcn m\u00fck\u0259mm\u0259llik standartlar\u0131n\u0131n m\u00fc\u0259yy\u0259nl\u0259\u015fdirilm\u0259si\u201d m\u00f6vzusunda 4-c\u00fc Beyn\u0259lxalq Minat\u0259mizl\u0259m\u0259 Konfrans\u0131n\u0131n \u0259h\u0259miyy\u0259tin\u0259 toxunaraq, minalar probleminin AT\u018fT Parlament Assambleyas\u0131n\u0131n g\u00fcnd\u0259liyind\u0259 d\u0259 m\u00fczakir\u0259 olundu\u011funu bildirib.<\/p>\n<div><img decoding=\"async\" class=\"img-responsive\" title=\"\" src=\"https:\/\/qafqazinfo.az\/uploads\/1788420446\/17884199772495332728_1200x630.jpg\" alt=\"\" \/><br \/>\n<img decoding=\"async\" class=\"img-responsive\" title=\"\" src=\"https:\/\/qafqazinfo.az\/uploads\/1788420446\/17884199772108921373_1200x630.jpg\" alt=\"\" \/><br \/>\n<img decoding=\"async\" class=\"img-responsive\" title=\"\" src=\"https:\/\/qafqazinfo.az\/uploads\/1788420446\/17884199774262961229_1200x630.jpg\" alt=\"\" \/><br \/>\n<img decoding=\"async\" class=\"img-responsive\" title=\"\" src=\"https:\/\/qafqazinfo.az\/uploads\/1788420446\/17884199774383041011_1200x630.jpg\" alt=\"\" \/><br \/>\n<img decoding=\"async\" class=\"img-responsive\" title=\"\" src=\"https:\/\/qafqazinfo.az\/uploads\/1788420446\/1788419977622258273_1200x630.jpg\" alt=\"\" \/><\/div>\n<div><\/div>\n<\/div>\n<div class=\"social-buttons\"><\/div>\n","protected":false},"excerpt":{"rendered":"<p>Az\u0259rbaycan Prezidenti \u0130lham \u018fliyev bu g\u00fcn AT\u018fT Parlament Assambleyas\u0131n\u0131n prezidenti Pere Joan Pons Sanpietronu q\u0259bul edib. Mecra.az x\u0259b\u0259r verir ki, qonaq AT\u018fT m\u0259kan\u0131nda m\u00f6vcud m\u00fcnaqi\u015f\u0259l\u0259rd\u0259n birinin h\u0259ll olundu\u011funu v\u0259 regionda&hellip; <\/p>\n","protected":false},"author":1,"featured_media":62784,"comment_status":"open","ping_status":"open","sticky":false,"template":"","format":"standard","meta":{"footnotes":""},"categories":[1],"tags":[],"class_list":["post-62783","post","type-post","status-publish","format-standard","has-post-thumbnail","hentry","category-manset"],"_links":{"self":[{"href":"https:\/\/mecra.az\/index.php?rest_route=\/wp\/v2\/posts\/62783","targetHints":{"allow":["GET"]}}],"collection":[{"href":"https:\/\/mecra.az\/index.php?rest_route=\/wp\/v2\/posts"}],"about":[{"href":"https:\/\/mecra.az\/index.php?rest_route=\/wp\/v2\/types\/post"}],"author":[{"embeddable":true,"href":"https:\/\/mecra.az\/index.php?rest_route=\/wp\/v2\/users\/1"}],"replies":[{"embeddable":true,"href":"https:\/\/mecra.az\/index.php?rest_route=%2Fwp%2Fv2%2Fcomments&post=62783"}],"version-history":[{"count":1,"href":"https:\/\/mecra.az\/index.php?rest_route=\/wp\/v2\/posts\/62783\/revisions"}],"predecessor-version":[{"id":62785,"href":"https:\/\/mecra.az\/index.php?rest_route=\/wp\/v2\/posts\/62783\/revisions\/62785"}],"wp:featuredmedia":[{"embeddable":true,"href":"https:\/\/mecra.az\/index.php?rest_route=\/wp\/v2\/media\/62784"}],"wp:attachment":[{"href":"https:\/\/mecra.az\/index.php?rest_route=%2Fwp%2Fv2%2Fmedia&parent=62783"}],"wp:term":[{"taxonomy":"category","embeddable":true,"href":"https:\/\/mecra.az\/index.php?rest_route=%2Fwp%2Fv2%2Fcategories&post=62783"},{"taxonomy":"post_tag","embeddable":true,"href":"https:\/\/mecra.az\/index.php?rest_route=%2Fwp%2Fv2%2Ftags&post=62783"}],"curies":[{"name":"wp","href":"https:\/\/api.w.org\/{rel}","templated":true}]}}