{"id":62764,"date":"2026-09-03T10:10:00","date_gmt":"2026-09-03T06:10:00","guid":{"rendered":"https:\/\/mecra.az\/?p=62764"},"modified":"2026-09-03T10:10:00","modified_gmt":"2026-09-03T06:10:00","slug":"birinci-sinf%c9%99-elektron-s%c9%99n%c9%99d-q%c9%99bulunun-son-gunudur","status":"publish","type":"post","link":"https:\/\/mecra.az\/?p=62764","title":{"rendered":"Birinci sinf\u0259 elektron s\u0259n\u0259d q\u0259bulunun <span class=\"mecra-highlight\" style=\"color:#ff0000;\">SON G\u00dcN\u00dcD\u00dcR<\/span>"},"content":{"rendered":"<p>May\u0131n 6-dan etibar\u0259n h\u0259yata ke\u00e7iril\u0259n 2026-2027-ci t\u0259dris ili \u00fczr\u0259 u\u015faqlar\u0131n I sinf\u0259 elektron q\u0259bulu prosesi bu g\u00fcn saat 18:00-da ba\u015fa \u00e7atacaq.<\/p>\n<p>Oxu.Az\u00a0x\u0259b\u0259r verir ki, bu bar\u0259d\u0259 M\u0259kt\u0259b\u0259q\u0259d\u0259r v\u0259 \u00dcmumi T\u0259hsil \u00fczr\u0259 D\u00f6vl\u0259t Agentliyind\u0259n (M\u00dcTDA) m\u0259lumat verilib.<\/p>\n<p>Bildirilib ki, q\u0259bul prosesi\u00a0<a href=\"https:\/\/mektebeqebul.edu.az\/\" target=\"_blank\" rel=\"nofollow noopener\">www.mektebeqebul.edu.az<\/a>\u00a0portal\u0131 vasit\u0259sil\u0259 elektron \u015f\u0259kild\u0259 h\u0259yata ke\u00e7irilir.<\/p>\n<p>\u0130nternet\u0259 \u00e7\u0131x\u0131\u015f imkan\u0131 olmayan v\u0259t\u0259nda\u015flar is\u0259 aidiyy\u0259ti \u00fczr\u0259 alternativ qeydiyyat m\u0259rk\u0259zl\u0259rin\u0259, agentliyin v\u0259 yerli idar\u0259l\u0259rin \u00e7a\u011fr\u0131 m\u0259rk\u0259zl\u0259rin\u0259, ASAN xidm\u0259t m\u0259rk\u0259zl\u0259rin\u0259 m\u00fcraci\u0259t ed\u0259 bil\u0259rl\u0259r.<\/p>\n<p>H\u0259m\u00e7inin qeyd olunub ki, \u00fczrl\u00fc s\u0259b\u0259bl\u0259rd\u0259n I sinf\u0259 q\u0259bul prosesind\u0259 gecik\u0259n u\u015faqlar\u0131n \u00fcmumi t\u0259hsil m\u00fc\u0259ssis\u0259l\u0259rin\u0259 elektron q\u0259bulu sentyabr ay\u0131 \u0259rzind\u0259 yenid\u0259n aktivl\u0259\u015fdiril\u0259c\u0259k.<\/p>\n","protected":false},"excerpt":{"rendered":"<p>May\u0131n 6-dan etibar\u0259n h\u0259yata ke\u00e7iril\u0259n 2026-2027-ci t\u0259dris ili \u00fczr\u0259 u\u015faqlar\u0131n I sinf\u0259 elektron q\u0259bulu prosesi bu g\u00fcn saat 18:00-da ba\u015fa \u00e7atacaq. Oxu.Az\u00a0x\u0259b\u0259r verir ki, bu bar\u0259d\u0259 M\u0259kt\u0259b\u0259q\u0259d\u0259r v\u0259 \u00dcmumi T\u0259hsil&hellip; <\/p>\n","protected":false},"author":1,"featured_media":62765,"comment_status":"open","ping_status":"open","sticky":false,"template":"","format":"standard","meta":{"footnotes":""},"categories":[69],"tags":[],"class_list":["post-62764","post","type-post","status-publish","format-standard","has-post-thumbnail","hentry","category-elm-v-thsil"],"_links":{"self":[{"href":"https:\/\/mecra.az\/index.php?rest_route=\/wp\/v2\/posts\/62764","targetHints":{"allow":["GET"]}}],"collection":[{"href":"https:\/\/mecra.az\/index.php?rest_route=\/wp\/v2\/posts"}],"about":[{"href":"https:\/\/mecra.az\/index.php?rest_route=\/wp\/v2\/types\/post"}],"author":[{"embeddable":true,"href":"https:\/\/mecra.az\/index.php?rest_route=\/wp\/v2\/users\/1"}],"replies":[{"embeddable":true,"href":"https:\/\/mecra.az\/index.php?rest_route=%2Fwp%2Fv2%2Fcomments&post=62764"}],"version-history":[{"count":1,"href":"https:\/\/mecra.az\/index.php?rest_route=\/wp\/v2\/posts\/62764\/revisions"}],"predecessor-version":[{"id":62766,"href":"https:\/\/mecra.az\/index.php?rest_route=\/wp\/v2\/posts\/62764\/revisions\/62766"}],"wp:featuredmedia":[{"embeddable":true,"href":"https:\/\/mecra.az\/index.php?rest_route=\/wp\/v2\/media\/62765"}],"wp:attachment":[{"href":"https:\/\/mecra.az\/index.php?rest_route=%2Fwp%2Fv2%2Fmedia&parent=62764"}],"wp:term":[{"taxonomy":"category","embeddable":true,"href":"https:\/\/mecra.az\/index.php?rest_route=%2Fwp%2Fv2%2Fcategories&post=62764"},{"taxonomy":"post_tag","embeddable":true,"href":"https:\/\/mecra.az\/index.php?rest_route=%2Fwp%2Fv2%2Ftags&post=62764"}],"curies":[{"name":"wp","href":"https:\/\/api.w.org\/{rel}","templated":true}]}}