{"id":62725,"date":"2026-09-02T14:40:20","date_gmt":"2026-09-02T10:40:20","guid":{"rendered":"https:\/\/mecra.az\/?p=62725"},"modified":"2026-09-02T14:40:20","modified_gmt":"2026-09-02T10:40:20","slug":"dovl%c9%99t-bascisi-q%c9%99bul-kecirdi-fotolar","status":"publish","type":"post","link":"https:\/\/mecra.az\/?p=62725","title":{"rendered":"D\u00f6vl\u0259t ba\u015f\u00e7\u0131s\u0131 q\u0259bul ke\u00e7irdi &#8211; <span class=\"mecra-highlight\" style=\"color:#ff0000;\">FOTOLAR<\/span>"},"content":{"rendered":"<div class=\"panel-body news_text\">\n<p><strong>Az\u0259rbaycan Prezidenti \u0130lham \u018fliyev bu g\u00fcn Birl\u0259\u015fmi\u015f Mill\u0259tl\u0259r T\u0259\u015fkilat\u0131n\u0131n (BMT) Az\u0259rbaycanda yeni t\u0259yin olunmu\u015f rezident \u0259laq\u0259l\u0259ndiricisi Dmitri \u015elapa\u00e7enkonu q\u0259bul edib.<\/strong><\/p>\n<p><a href=\"http:\/\/Mecra.az\"><strong>Mecra.az<\/strong> <\/a>x\u0259b\u0259r verir ki, Dmitri \u015elapa\u00e7enko etimadnam\u0259sini d\u00f6vl\u0259t ba\u015f\u00e7\u0131s\u0131na t\u0259qdim edib.<\/p>\n<p>\u00d6lk\u0259mizl\u0259 BMT aras\u0131nda \u0259laq\u0259l\u0259r\u0259 toxunan Prezident \u0130lham \u018fliyev Az\u0259rbaycanda COP29 v\u0259 \u00dcmumd\u00fcnya \u015e\u0259h\u0259rsalma Forumu kimi b\u00f6y\u00fckmiqyasl\u0131 BMT t\u0259dbirl\u0259rinin ke\u00e7irildiyini vur\u011fulay\u0131b, bu il d\u0259 BMT-nin Sivilizasiyalar Alyans\u0131 il\u0259 birlikd\u0259 M\u0259d\u0259niyy\u0259tl\u0259raras\u0131 Dialoq Forumunun t\u0259\u015fkil edil\u0259c\u0259yini deyib.<\/p>\n<p>Az\u0259rbaycan\u0131n BMT-nin vacib t\u0259r\u0259fda\u015f\u0131 oldu\u011funu v\u0259 \u201corta g\u00fcc\u201d\u00a0d\u00f6vl\u0259ti kimi bu qurumun m\u00f6t\u0259b\u0259r t\u0259dbirl\u0259rin\u0259 ev sahibliyi etdiyini vur\u011fulayan Dmitri \u015elapa\u00e7enko bu x\u00fcsusda Bak\u0131da COP v\u0259 \u00dcmumd\u00fcnya \u015e\u0259h\u0259rsalma Forumunun t\u0259\u015fkil olundu\u011funu xat\u0131rlay\u0131b. O, bu g\u00fcn Bak\u0131da \u201c\u015e\u0259h\u0259rl\u0259rin b\u0259rpas\u0131 \u00fc\u00e7\u00fcn humanitar minat\u0259mizl\u0259m\u0259: T\u0259hl\u00fck\u0259siz ya\u015fay\u0131\u015f m\u0259sk\u0259nl\u0259ri \u00fc\u00e7\u00fcn m\u00fck\u0259mm\u0259llik standartlar\u0131n\u0131n m\u00fc\u0259yy\u0259nl\u0259\u015fdirilm\u0259si\u201d m\u00f6vzusunda 4-c\u00fc Beyn\u0259lxalq Minat\u0259mizl\u0259m\u0259 Konfrans\u0131n\u0131n ke\u00e7irildiyini dey\u0259r\u0259k, \u00f6lk\u0259mizd\u0259 BMT-nin \u0130qlim H\u0259ft\u0259si t\u0259dbirinin d\u0259 olaca\u011f\u0131n\u0131 qeyd edib.<\/p>\n<p>Dmitri \u015elapa\u00e7enko Az\u0259rbaycan\u0131n BMT-nin m\u00fcvafiq qurumlar\u0131n\u0131n f\u0259aliyy\u0259tin\u0259 verdiyi d\u0259st\u0259yi y\u00fcks\u0259k qiym\u0259tl\u0259ndirib.<\/p>\n<p>O, Az\u0259rbaycan\u0131n haz\u0131rda h\u0259yata ke\u00e7irdiyi inki\u015faf proqram\u0131na BMT-nin d\u0259 \u00f6z t\u0259cr\u00fcb\u0259si il\u0259 d\u0259st\u0259k verm\u0259y\u0259 haz\u0131r oldu\u011funu bildirib, bu x\u00fcsusda Qaraba\u011fda v\u0259 \u015e\u0259rqi Z\u0259ng\u0259zurda postm\u00fcnaqi\u015f\u0259 \u015f\u0259raitind\u0259 apar\u0131lan b\u00f6y\u00fckmiqyasl\u0131 i\u015fl\u0259rin vacibliyin\u0259 toxunub.<\/p>\n<p>Minalar problemini qeyd ed\u0259n Dmitri \u015elapa\u00e7enko BMT-nin bu m\u0259s\u0259l\u0259d\u0259 Az\u0259rbaycana d\u0259st\u0259k verm\u0259y\u0259 v\u0259 t\u0259cr\u00fcb\u0259sini b\u00f6l\u00fc\u015fm\u0259y\u0259 haz\u0131r oldu\u011funu deyib.<\/p>\n<p>D\u00f6vl\u0259t ba\u015f\u00e7\u0131s\u0131 da i\u015f\u011faldan azad olunmu\u015f \u0259razil\u0259rimizd\u0259 apar\u0131lan geni\u015fmiqyasl\u0131 b\u0259rpa v\u0259 quruculuq i\u015fl\u0259rind\u0259n dan\u0131\u015f\u0131b, \u00f6lk\u0259mizin \u00fczl\u0259\u015fdiyi mina probleminin miqyas\u0131n\u0131 qeyd edib. Prezident \u0130lham \u018fliyev bunun b\u0259rpa-quruculuq i\u015fl\u0259rin\u0259 mane olmas\u0131na baxmayaraq, Az\u0259rbaycan\u0131n minat\u0259mizl\u0259m\u0259 sah\u0259sind\u0259 d\u0259 ard\u0131c\u0131l f\u0259aliyy\u0259tini davam etdirdiyini vur\u011fulay\u0131b.<\/p>\n<p>Dmitri \u015elapa\u00e7enko tezlikl\u0259 Qaraba\u011fa s\u0259f\u0259r ed\u0259c\u0259yini bildirib, BMT G\u00fcn\u00fc il\u0259 \u0259laq\u0259dar Qaraba\u011f Universitetind\u0259 b\u00f6y\u00fck bir t\u0259dbirin ke\u00e7irilm\u0259sinin planla\u015fd\u0131r\u0131ld\u0131\u011f\u0131n\u0131 qeyd edib.<\/p>\n<p>G\u00f6r\u00fc\u015fd\u0259 C\u0259nubi Qafqaz regionunda transs\u0259rh\u0259d \u00e7aylar\u0131n ekoloji m\u00fchitinin yax\u015f\u0131la\u015fd\u0131r\u0131lmas\u0131 v\u0259 bu sah\u0259d\u0259 monitorinql\u0259rin apar\u0131lmas\u0131, X\u0259z\u0259r d\u0259nizinin suyunun azalmas\u0131 kimi ekoloji m\u0259s\u0259l\u0259l\u0259r d\u0259 m\u00fczakir\u0259 olunub.<\/p>\n<div><img decoding=\"async\" class=\"img-responsive\" title=\"\" src=\"https:\/\/qafqazinfo.az\/uploads\/1788344948\/pr1.jpg\" alt=\"\" \/><br \/>\n<img decoding=\"async\" class=\"img-responsive\" title=\"\" src=\"https:\/\/qafqazinfo.az\/uploads\/1788344948\/pr2.jpg\" alt=\"\" \/><br \/>\n<img decoding=\"async\" class=\"img-responsive\" title=\"\" src=\"https:\/\/qafqazinfo.az\/uploads\/1788344948\/pr3.jpg\" alt=\"\" \/><br \/>\n<img decoding=\"async\" class=\"img-responsive\" title=\"\" src=\"https:\/\/qafqazinfo.az\/uploads\/1788344948\/pr4.jpg\" alt=\"\" \/><br \/>\n<img decoding=\"async\" class=\"img-responsive\" title=\"\" src=\"https:\/\/qafqazinfo.az\/uploads\/1788344948\/pr5.jpg\" alt=\"\" \/><br \/>\n<img decoding=\"async\" class=\"img-responsive\" title=\"\" src=\"https:\/\/qafqazinfo.az\/uploads\/1788344948\/pr6.jpg\" alt=\"\" \/><br \/>\n<img decoding=\"async\" class=\"img-responsive\" title=\"\" src=\"https:\/\/qafqazinfo.az\/uploads\/1788344948\/pr7.jpg\" alt=\"\" \/><\/div>\n<div><\/div>\n<\/div>\n","protected":false},"excerpt":{"rendered":"<p>Az\u0259rbaycan Prezidenti \u0130lham \u018fliyev bu g\u00fcn Birl\u0259\u015fmi\u015f Mill\u0259tl\u0259r T\u0259\u015fkilat\u0131n\u0131n (BMT) Az\u0259rbaycanda yeni t\u0259yin olunmu\u015f rezident \u0259laq\u0259l\u0259ndiricisi Dmitri \u015elapa\u00e7enkonu q\u0259bul edib. Mecra.az x\u0259b\u0259r verir ki, Dmitri \u015elapa\u00e7enko etimadnam\u0259sini d\u00f6vl\u0259t ba\u015f\u00e7\u0131s\u0131na t\u0259qdim&hellip; <\/p>\n","protected":false},"author":1,"featured_media":62726,"comment_status":"open","ping_status":"open","sticky":false,"template":"","format":"standard","meta":{"footnotes":""},"categories":[1],"tags":[],"class_list":["post-62725","post","type-post","status-publish","format-standard","has-post-thumbnail","hentry","category-manset"],"_links":{"self":[{"href":"https:\/\/mecra.az\/index.php?rest_route=\/wp\/v2\/posts\/62725","targetHints":{"allow":["GET"]}}],"collection":[{"href":"https:\/\/mecra.az\/index.php?rest_route=\/wp\/v2\/posts"}],"about":[{"href":"https:\/\/mecra.az\/index.php?rest_route=\/wp\/v2\/types\/post"}],"author":[{"embeddable":true,"href":"https:\/\/mecra.az\/index.php?rest_route=\/wp\/v2\/users\/1"}],"replies":[{"embeddable":true,"href":"https:\/\/mecra.az\/index.php?rest_route=%2Fwp%2Fv2%2Fcomments&post=62725"}],"version-history":[{"count":1,"href":"https:\/\/mecra.az\/index.php?rest_route=\/wp\/v2\/posts\/62725\/revisions"}],"predecessor-version":[{"id":62727,"href":"https:\/\/mecra.az\/index.php?rest_route=\/wp\/v2\/posts\/62725\/revisions\/62727"}],"wp:featuredmedia":[{"embeddable":true,"href":"https:\/\/mecra.az\/index.php?rest_route=\/wp\/v2\/media\/62726"}],"wp:attachment":[{"href":"https:\/\/mecra.az\/index.php?rest_route=%2Fwp%2Fv2%2Fmedia&parent=62725"}],"wp:term":[{"taxonomy":"category","embeddable":true,"href":"https:\/\/mecra.az\/index.php?rest_route=%2Fwp%2Fv2%2Fcategories&post=62725"},{"taxonomy":"post_tag","embeddable":true,"href":"https:\/\/mecra.az\/index.php?rest_route=%2Fwp%2Fv2%2Ftags&post=62725"}],"curies":[{"name":"wp","href":"https:\/\/api.w.org\/{rel}","templated":true}]}}