{"id":62722,"date":"2026-09-02T14:00:53","date_gmt":"2026-09-02T10:00:53","guid":{"rendered":"https:\/\/mecra.az\/?p=62722"},"modified":"2026-09-02T14:36:49","modified_gmt":"2026-09-02T10:36:49","slug":"ilham-eliyev-cin-bas-prokurorunu-q%c9%99bul-etdi-fotolar","status":"publish","type":"post","link":"https:\/\/mecra.az\/?p=62722","title":{"rendered":"\u0130lham \u018fliyev \u00c7in Ba\u015f prokurorunu q\u0259bul etdi &#8211; <span class=\"mecra-highlight\" style=\"color:#ff0000;\">FOTOLAR<\/span>"},"content":{"rendered":"<div class=\"panel-body news_text\">\n<p><strong>Az\u0259rbaycan Prezidenti \u0130lham \u018fliyev sentyabr\u0131n 2-d\u0259 \u00c7in Xalq Respublikas\u0131n\u0131n Ali Xalq Prokurorlu\u011funun Ba\u015f prokuroru Yinq Yonqun ba\u015f\u00e7\u0131l\u0131q etdiyi n\u00fcmay\u0259nd\u0259 hey\u0259tini q\u0259bul edib.<\/strong><\/p>\n<p><a href=\"http:\/\/Mecra.az\"><strong>Mecra.az<\/strong><\/a> x\u0259b\u0259r verir ki, n\u00fcmay\u0259nd\u0259 hey\u0259tin\u0259 \u015eanxay \u015f\u0259h\u0259rinin prokuroru \u00c7en Yong, Ciangsu \u0259yal\u0259tinin prokuroru \u00c7jao Tye\u015fi v\u0259 Qansu \u0259yal\u0259tinin prokuroru \u015een Cian daxildir.<\/p>\n<p>G\u00f6r\u00fc\u015fd\u0259 \u00e7\u0131x\u0131\u015f ed\u0259n Prezident\u00a0<strong>\u0130lham \u018fliyev<\/strong>\u00a0dedi:<\/p>\n<p>&#8211; Xo\u015f g\u0259lmisiniz. Bilir\u0259m ki, s\u0259f\u0259riniz yekunla\u015f\u0131r. Siz Az\u0259rbaycana \u00e7ox vacib s\u0259f\u0259r edirsiniz. \u018fmin\u0259m ki, s\u0259f\u0259riniz \u00e7ox u\u011furlu idi. Bu s\u0259f\u0259r m\u00fcnasib\u0259tl\u0259rimizin b\u00fct\u00fcn sah\u0259l\u0259rd\u0259 daha da inki\u015faf\u0131na xidm\u0259t ed\u0259c\u0259k. \u00dcmid edir\u0259m ki, siz \u00f6lk\u0259mizd\u0259n xo\u015f t\u0259\u0259ss\u00fcratlarla ayr\u0131lacaqs\u0131n\u0131z. Biz sizin s\u0259f\u0259rinizi strateji t\u0259r\u0259fda\u015fl\u0131q m\u00fcnasib\u0259tl\u0259ri \u00e7\u0259r\u00e7iv\u0259sind\u0259 \u00e7ox \u0259h\u0259miyy\u0259tli hesab edirik.<\/p>\n<p>Bildiyiniz kimi, aprel ayndan etibar\u0259n \u00c7in v\u0259 Az\u0259rbaycan art\u0131q h\u0259rt\u0259r\u0259fli strateji t\u0259r\u0259fda\u015fl\u0131q \u00e7\u0259r\u00e7iv\u0259sind\u0259 f\u0259aliyy\u0259t g\u00f6st\u0259rir. \u00d6t\u0259n il \u00f6lk\u0259niz\u0259 d\u00f6vl\u0259t s\u0259f\u0259rimd\u0259 m\u0259n\u0259 g\u00f6st\u0259ril\u0259n qonaqp\u0259rv\u0259rliyi b\u00f6y\u00fck minn\u0259tdarl\u0131q hissi il\u0259 xat\u0131rlay\u0131ram. \u00c7in Xalq Respublikas\u0131n\u0131n S\u0259dri Si Cinpin v\u0259 dig\u0259r y\u00fcks\u0259ks\u0259viyy\u0259li r\u0259smil\u0259rl\u0259 m\u00fczakir\u0259l\u0259rim bir daha g\u00f6st\u0259rir ki, h\u0259r iki \u00f6lk\u0259 bir-birini \u00e7ox yax\u015f\u0131 dost hesab edir.<\/p>\n<p>Biz \u00c7in \u015firk\u0259tl\u0259rind\u0259 Az\u0259rbaycanda f\u0259aliyy\u0259t g\u00f6st\u0259rm\u0259k \u00fc\u00e7\u00fcn b\u00f6y\u00fck mara\u011f\u0131n oldu\u011funu g\u00f6rm\u0259y\u0259 \u00e7ox \u015fad\u0131q. Aprel ay\u0131ndan etibar\u0259n \u00f6lk\u0259l\u0259rimiz aras\u0131nda fasil\u0259siz qar\u015f\u0131l\u0131ql\u0131 gedi\u015f-g\u0259li\u015f var. \u00c7in \u015firk\u0259tl\u0259ri h\u0259m investor, h\u0259m d\u0259 podrat\u00e7\u0131 qismind\u0259 Az\u0259rbaycanda layih\u0259l\u0259rd\u0259 f\u0259al i\u015ftirak edirl\u0259r. Bir \u00e7ox vacib layih\u0259l\u0259r art\u0131q icra olunub, lakin bir \u00e7oxlar\u0131 da icra m\u0259rh\u0259l\u0259sind\u0259dir.<\/p>\n<p>\u018flb\u0259tt\u0259 ki, h\u0259r iki \u00f6lk\u0259nin suverenliyin\u0259 v\u0259 \u0259razi b\u00fct\u00f6vl\u00fcy\u00fcn\u0259 g\u00fccl\u00fc qar\u015f\u0131l\u0131ql\u0131 d\u0259st\u0259yi \u00c7inin v\u0259 Az\u0259rbaycan\u0131n beyn\u0259lxalq h\u00fcquq normalar\u0131na sadiq oldu\u011funu \u0259yani \u015f\u0259kild\u0259 g\u00f6st\u0259rir. D\u00fcn\u0259n \u201c\u015e\u018fT plyus\u201d format\u0131nda Bi\u015fkekd\u0259 ke\u00e7iril\u0259n y\u00fcks\u0259ks\u0259viyy\u0259li g\u00f6r\u00fc\u015fd\u0259 S\u0259dr Si Cinpin h\u00fcquq normalar\u0131, davran\u0131\u015f qaydalar\u0131, beyn\u0259lxalq m\u00fcnasib\u0259tl\u0259r, qlobal x\u0259rit\u0259d\u0259 h\u0259r bir \u00f6lk\u0259nin b\u0259rab\u0259r olmas\u0131 haqq\u0131nda dan\u0131\u015fd\u0131. Biz bu \u00e7ox ayd\u0131n bax\u0131\u015fla tam raz\u0131y\u0131q. Qar\u015f\u0131l\u0131ql\u0131 d\u0259st\u0259k, bir-birinin daxili m\u0259s\u0259l\u0259l\u0259rin\u0259 qar\u0131\u015fmama, d\u00fcnya miqyas\u0131nda h\u0259r bir \u00f6lk\u0259nin b\u0259rab\u0259r \u015f\u0259kild\u0259 t\u0259msil olunmas\u0131 v\u0259 qar\u015f\u0131durmaya yox, \u0259m\u0259kda\u015fl\u0131\u011fa y\u00f6n\u0259lmi\u015f siyas\u0259t bizim strategiyaya tamamil\u0259 uy\u011fundur.<\/p>\n<p>\u018flb\u0259tt\u0259 ki, \u0259m\u0259kda\u015fl\u0131\u011f\u0131m\u0131z\u0131n vacib seqmenti ba\u011flant\u0131d\u0131r. S\u0259dr Si Cinpinin t\u0259\u015f\u0259bb\u00fcs\u00fc il\u0259 h\u0259yata ke\u00e7iril\u0259n \u201cBir k\u0259m\u0259r, bir yol\u201d layih\u0259si Az\u0259rbaycan t\u0259r\u0259find\u0259n tamamil\u0259 d\u0259st\u0259kl\u0259nir. Biz bunu t\u0259kc\u0259 b\u0259yanatlarla deyil, praktiki add\u0131mlarla g\u00f6st\u0259ririk. Bu g\u00fcn M\u0259rk\u0259zi Asiya, Az\u0259rbaycan v\u0259 \u00c7in aras\u0131nda ba\u011flant\u0131 qlobal \u0259m\u0259kda\u015fl\u0131\u011f\u0131n, t\u0259hl\u00fck\u0259sizliyin m\u00fch\u00fcm amilidir. Ke\u00e7\u0259n ay m\u0259n M\u0259rk\u0259zi Asiyan\u0131n iki \u00f6lk\u0259sin\u0259 d\u00f6vl\u0259t s\u0259f\u0259ri etdim. N\u00f6vb\u0259ti ay m\u0259n M\u0259rk\u0259zi Asiyan\u0131n \u00fc\u00e7\u00fcnc\u00fc bir \u00f6lk\u0259sini ziyar\u0259t ed\u0259c\u0259y\u0259m v\u0259 \u0259lb\u0259tt\u0259 ki, bizim dan\u0131\u015f\u0131qlar\u0131n m\u00fch\u00fcm hiss\u0259si ba\u011flant\u0131 m\u00f6vzusudur. Burada \u00c7in y\u00fckl\u0259rin h\u0259cmi n\u00f6qteyi-n\u0259z\u0259rd\u0259n \u0259sas oyun\u00e7udur.<\/p>\n<p>Biz sizin birba\u015fa m\u0259sul oldu\u011funuz sah\u0259d\u0259 \u0259m\u0259kda\u015fl\u0131q v\u0259 g\u00fccl\u00fc t\u0259r\u0259fda\u015fl\u0131q \u00fc\u00e7\u00fcn b\u00f6y\u00fck potensial g\u00f6r\u00fcr\u00fck. M\u0259n \u015fadam ki, h\u0259mkarlar\u0131n\u0131zla dan\u0131\u015f\u0131qlar aparmaq, \u00f6lk\u0259 il\u0259 tan\u0131\u015f olmaq v\u0259 Az\u0259rbaycan\u0131 daha yax\u0131ndan tan\u0131maq \u00fc\u00e7\u00fcn burada bir ne\u00e7\u0259 g\u00fcn ke\u00e7ir\u0259c\u0259ksiniz.<\/p>\n<p>N\u0259hay\u0259t sonuncu m\u0259s\u0259l\u0259 dostlu\u011fun v\u0259 qar\u015f\u0131l\u0131ql\u0131 etimad\u0131n \u0259lam\u0259ti il\u0259 ba\u011fl\u0131d\u0131r. Bu da h\u0259r iki \u00f6lk\u0259y\u0259 s\u0259f\u0259rl\u0259r \u00fc\u00e7\u00fcn viza t\u0259l\u0259binin aradan qald\u0131r\u0131lmas\u0131d\u0131r. \u0130ndi bizim v\u0259t\u0259nda\u015flar h\u0259r hans\u0131 bir viza t\u0259l\u0259bi olmadan s\u0259yah\u0259t ed\u0259 bil\u0259rl\u0259r. Bu da dostlu\u011fun \u00e7ox m\u00fch\u00fcm \u0259lam\u0259tidir. Siz\u0259 \u0259n xo\u015f arzular\u0131m\u0131 \u00e7atd\u0131r\u0131r, \u00f6lk\u0259niz\u0259 sa\u011f-salamat qay\u0131tma\u011f\u0131n\u0131z\u0131 arzulay\u0131ram.<\/p>\n<p><strong>X X X<\/strong><\/p>\n<p>Sonra \u00c7in Ali Xalq Prokurorlu\u011funun Ba\u015f prokuroru\u00a0<strong>Yinq Yonq<\/strong>\u00a0\u00e7\u0131x\u0131\u015f ed\u0259r\u0259k dedi:<\/p>\n<p>&#8211; Zati-alil\u0259ri, c\u0259nab Prezident \u0130lham \u018fliyev.<\/p>\n<p>M\u0259n Ba\u015f prokuror Kamran \u018fliyevin d\u0259v\u0259ti il\u0259 Az\u0259rbaycana s\u0259f\u0259r\u0259 g\u0259l\u0259n prokurorlardan ibar\u0259t \u00c7in n\u00fcmay\u0259nd\u0259 hey\u0259tin\u0259 r\u0259hb\u0259rlik edir\u0259m. Ba\u015f prokuror Kamran \u018fliyev bizim prokurorluq orqanlar\u0131 il\u0259 m\u00fcbadil\u0259y\u0259 v\u0259 \u0259m\u0259kda\u015fl\u0131\u011fa \u00e7ox b\u00f6y\u00fck \u00f6n\u0259m verir, dostlu\u011fu v\u0259 \u0259m\u0259kda\u015fl\u0131\u011f\u0131 g\u00fccl\u0259ndirm\u0259k \u00fc\u00e7\u00fcn h\u0259r iki prokurorluq orqanlar\u0131n\u0131 g\u00fccl\u00fc t\u0259\u015fviq edir.<\/p>\n<p>Bu s\u0259f\u0259rd\u0259 m\u0259n Az\u0259rbaycana g\u0259l\u0259n n\u00fcmay\u0259nd\u0259 hey\u0259tin\u0259 r\u0259hb\u0259rlik edir\u0259m. Bu, iki lider aras\u0131nda h\u0259rt\u0259r\u0259fli strateji t\u0259r\u0259fda\u015fl\u0131\u011f\u0131n t\u0259\u015fviqi m\u0259qs\u0259dil\u0259 m\u00fch\u00fcm ortaq anla\u015fman\u0131 h\u0259yata ke\u00e7irm\u0259k v\u0259 iki \u00f6lk\u0259nin prokurorluq orqanlar\u0131, m\u0259hk\u0259m\u0259 sisteml\u0259ri aras\u0131nda \u0259m\u0259kda\u015fl\u0131\u011f\u0131 g\u00fccl\u0259ndirm\u0259k \u00fc\u00e7\u00fcn at\u0131lan konkret add\u0131md\u0131r.<\/p>\n<p>\u0130ki g\u00fcn \u0259vv\u0259l m\u0259n Milli M\u0259clisin s\u0259dri Sahib\u0259 Qafarova, Ba\u015f prokuror Kamran \u018fliyev v\u0259 Ali M\u0259hk\u0259m\u0259nin s\u0259dri \u0130nam K\u0259rimovla g\u00f6r\u00fc\u015fd\u00fcm. G\u00f6r\u00fc\u015fl\u0259rimiz \u00e7ox m\u0259hsuldar oldu. \u201c\u015e\u018fT plyus\u201d format\u0131nda ke\u00e7iril\u0259n t\u0259dbird\u0259 i\u015ftirak\u0131n\u0131zdan sonra m\u0259ni v\u0259 n\u00fcmay\u0259nd\u0259 hey\u0259timi q\u0259bul etm\u0259k \u00fc\u00e7\u00fcn d\u0259y\u0259rli vaxt\u0131n\u0131z\u0131 ay\u0131rma\u011f\u0131n\u0131z m\u0259ni m\u0259mnun edir. M\u0259n buna g\u00f6r\u0259 Siz\u0259 prokurorluq orqanlar\u0131 ad\u0131ndan v\u0259 \u00f6z ad\u0131mdan s\u0259mimi minn\u0259tdarl\u0131\u011f\u0131m\u0131 ifad\u0259 etm\u0259k ist\u0259yir\u0259m.<\/p>\n<p>S\u0259f\u0259rd\u0259n \u0259vv\u0259l S\u0259dr Si Cinpin\u0259 Az\u0259rbaycana s\u0259f\u0259r \u00e7\u0259r\u00e7iv\u0259sind\u0259 n\u00fcmay\u0259nd\u0259 hey\u0259timizin t\u0259r\u0259finizd\u0259n q\u0259bul olunaca\u011f\u0131 bar\u0259d\u0259 m\u0259ruz\u0259 etdim. S\u0259dr Si Cinpin s\u0259mimi salamlar\u0131n\u0131 v\u0259 arzular\u0131n\u0131 Siz\u0259 \u00e7atd\u0131rma\u011f\u0131m\u0131 m\u0259nd\u0259n xahi\u015f etdi.<\/p>\n<p>C\u0259nab Prezident, \u00c7in v\u0259 Az\u0259rbaycan s\u0259mimi dostlar, b\u0259rab\u0259rh\u00fcquqlu t\u0259r\u0259fda\u015flar v\u0259 qar\u015f\u0131l\u0131ql\u0131 faydaya \u0259saslanan \u0259m\u0259kda\u015fl\u0131q quran \u00f6lk\u0259l\u0259rdir. Az\u0259rbaycan\u0131n \u00dcmummilli Lideri Heyd\u0259r \u018fliyev iki \u00f6lk\u0259 aras\u0131nda dostluq m\u00fcnasib\u0259tl\u0259rinin m\u00f6hk\u0259m t\u0259m\u0259lini qoyub. \u0130ki \u00f6lk\u0259 aras\u0131nda diplomatik m\u00fcnasib\u0259tl\u0259r qurulduqdan sonra h\u0259r iki \u00f6lk\u0259 qar\u015f\u0131l\u0131ql\u0131 h\u00f6rm\u0259t, \u0259dal\u0259t, b\u0259rab\u0259rlik v\u0259 \u0259m\u0259kda\u015fl\u0131q prinsipl\u0259rin\u0259, h\u0259m\u00e7inin qar\u015f\u0131l\u0131ql\u0131 faydaya \u0259saslanan m\u00fcnasib\u0259tl\u0259r\u0259 sadiq qalaraq, d\u0259rin dostlu\u011fun v\u0259 qar\u015f\u0131l\u0131ql\u0131 etimad\u0131n formala\u015fmas\u0131na nail olub.<\/p>\n<p><strong>Prezident \u0130lham \u018fliyev<\/strong>\u00a0\u00c7in Xalq Respublikas\u0131n\u0131n S\u0259dri Si Cinpinin salamlar\u0131na g\u00f6r\u0259 minn\u0259tdarl\u0131\u011f\u0131n\u0131 bildirdi, onun da salamlar\u0131n\u0131 S\u0259dr Si Cinpin\u0259 \u00e7atd\u0131rma\u011f\u0131 xahi\u015f etdi.<\/p>\n<div><img decoding=\"async\" class=\"img-responsive\" title=\"\" src=\"https:\/\/qafqazinfo.az\/uploads\/1788342829\/1.jpg\" alt=\"\" \/><br \/>\n<img decoding=\"async\" class=\"img-responsive\" title=\"\" src=\"https:\/\/qafqazinfo.az\/uploads\/1788342829\/3.jpg\" alt=\"\" \/><br \/>\n<img decoding=\"async\" class=\"img-responsive\" title=\"\" src=\"https:\/\/qafqazinfo.az\/uploads\/1788342829\/4.jpg\" alt=\"\" \/><br \/>\n<img decoding=\"async\" class=\"img-responsive\" title=\"\" src=\"https:\/\/qafqazinfo.az\/uploads\/1788342829\/5.jpg\" alt=\"\" \/><br \/>\n<img decoding=\"async\" class=\"img-responsive\" title=\"\" src=\"https:\/\/qafqazinfo.az\/uploads\/1788342829\/6.jpg\" alt=\"\" \/><br \/>\n<img decoding=\"async\" class=\"img-responsive\" title=\"\" src=\"https:\/\/qafqazinfo.az\/uploads\/1788342829\/7.jpg\" alt=\"\" \/><br \/>\n<img decoding=\"async\" class=\"img-responsive\" title=\"\" src=\"https:\/\/qafqazinfo.az\/uploads\/1788342829\/8.jpg\" alt=\"\" \/><br \/>\n<img decoding=\"async\" class=\"img-responsive\" title=\"\" src=\"https:\/\/qafqazinfo.az\/uploads\/1788342829\/9.jpg\" alt=\"\" \/><br \/>\n<img decoding=\"async\" class=\"img-responsive\" title=\"\" src=\"https:\/\/qafqazinfo.az\/uploads\/1788342829\/10.jpg\" alt=\"\" \/><\/div>\n<div><\/div>\n<\/div>\n","protected":false},"excerpt":{"rendered":"<p>Az\u0259rbaycan Prezidenti \u0130lham \u018fliyev sentyabr\u0131n 2-d\u0259 \u00c7in Xalq Respublikas\u0131n\u0131n Ali Xalq Prokurorlu\u011funun Ba\u015f prokuroru Yinq Yonqun ba\u015f\u00e7\u0131l\u0131q etdiyi n\u00fcmay\u0259nd\u0259 hey\u0259tini q\u0259bul edib. Mecra.az x\u0259b\u0259r verir ki, n\u00fcmay\u0259nd\u0259 hey\u0259tin\u0259 \u015eanxay \u015f\u0259h\u0259rinin&hellip; <\/p>\n","protected":false},"author":1,"featured_media":62724,"comment_status":"open","ping_status":"open","sticky":false,"template":"","format":"standard","meta":{"footnotes":""},"categories":[1],"tags":[],"class_list":["post-62722","post","type-post","status-publish","format-standard","has-post-thumbnail","hentry","category-manset"],"_links":{"self":[{"href":"https:\/\/mecra.az\/index.php?rest_route=\/wp\/v2\/posts\/62722","targetHints":{"allow":["GET"]}}],"collection":[{"href":"https:\/\/mecra.az\/index.php?rest_route=\/wp\/v2\/posts"}],"about":[{"href":"https:\/\/mecra.az\/index.php?rest_route=\/wp\/v2\/types\/post"}],"author":[{"embeddable":true,"href":"https:\/\/mecra.az\/index.php?rest_route=\/wp\/v2\/users\/1"}],"replies":[{"embeddable":true,"href":"https:\/\/mecra.az\/index.php?rest_route=%2Fwp%2Fv2%2Fcomments&post=62722"}],"version-history":[{"count":1,"href":"https:\/\/mecra.az\/index.php?rest_route=\/wp\/v2\/posts\/62722\/revisions"}],"predecessor-version":[{"id":62723,"href":"https:\/\/mecra.az\/index.php?rest_route=\/wp\/v2\/posts\/62722\/revisions\/62723"}],"wp:featuredmedia":[{"embeddable":true,"href":"https:\/\/mecra.az\/index.php?rest_route=\/wp\/v2\/media\/62724"}],"wp:attachment":[{"href":"https:\/\/mecra.az\/index.php?rest_route=%2Fwp%2Fv2%2Fmedia&parent=62722"}],"wp:term":[{"taxonomy":"category","embeddable":true,"href":"https:\/\/mecra.az\/index.php?rest_route=%2Fwp%2Fv2%2Fcategories&post=62722"},{"taxonomy":"post_tag","embeddable":true,"href":"https:\/\/mecra.az\/index.php?rest_route=%2Fwp%2Fv2%2Ftags&post=62722"}],"curies":[{"name":"wp","href":"https:\/\/api.w.org\/{rel}","templated":true}]}}