{"id":62707,"date":"2026-09-02T12:49:29","date_gmt":"2026-09-02T08:49:29","guid":{"rendered":"https:\/\/mecra.az\/?p=62707"},"modified":"2026-09-02T12:49:29","modified_gmt":"2026-09-02T08:49:29","slug":"ilham-eliyev-muasir-ziyali-insandir-putin","status":"publish","type":"post","link":"https:\/\/mecra.az\/?p=62707","title":{"rendered":"\u201c\u0130lham \u018fliyev m\u00fcasir, ziyal\u0131 insand\u0131r\u201d &#8211; <span class=\"mecra-highlight\" style=\"color:#ff0000;\">Putin<\/span>"},"content":{"rendered":"<p><strong>Rusiya Prezidenti Vladimir Putin Az\u0259rbaycan d\u00f6vl\u0259t ba\u015f\u00e7\u0131s\u0131 \u0130lham \u018fliyevi m\u00fcasir v\u0259 ziyal\u0131 insan adland\u0131r\u0131b.<\/strong><\/p>\n<p>\u201cQafqazinfo\u201d \u201c\u0130nterfaks\u201da istinad\u0259n x\u0259b\u0259r verir ki, o bu bar\u0259d\u0259 Bi\u015fkekd\u0259 m\u0259tbuat konfrans\u0131nda Qaraba\u011fla ba\u011fl\u0131 dan\u0131\u015fark\u0259n bildirib.<\/p>\n<p>Onun s\u00f6zl\u0259rin\u0259 g\u00f6r\u0259, Q\u0259rb \u00f6lk\u0259l\u0259ri h\u0259l\u0259 uzun ill\u0259r \u0259vv\u0259l Qaraba\u011f\u0131 Az\u0259rbaycan\u0131n bir hiss\u0259si olaraq tan\u0131y\u0131b v\u0259 orada ya\u015fayan erm\u0259ni \u0259halisinin h\u00fcquq v\u0259 maraqlar\u0131n\u0131n t\u0259min edil\u0259c\u0259yini bildiribl\u0259r:<\/p>\n<p>\u201cOnlar m\u0259n\u0259 deyirdil\u0259r: biz orada ya\u015fayan erm\u0259ni \u0259halisinin h\u00fcquq v\u0259 maraqlar\u0131n\u0131 t\u0259min ed\u0259c\u0259yik. M\u0259n is\u0259 onlar\u0131n bunu etm\u0259y\u0259c\u0259yini, erm\u0259nil\u0259rin sad\u0259c\u0259 \u00f6zl\u0259rinin ged\u0259c\u0259yini deyirdim. Prezident \u018fliyev h\u0259min insanlara pis he\u00e7 n\u0259 etm\u0259y\u0259c\u0259k. O, m\u00fcasir, ziyal\u0131 insand\u0131r. Y\u00fcz faiz \u0259min\u0259m ki, o, onlar\u0131n maraqlar\u0131n\u0131 t\u0259min etm\u0259y\u0259 \u00e7al\u0131\u015facaq. Lakin erm\u0259nil\u0259r yen\u0259 d\u0259 orada qalmayacaqlar. Bel\u0259 d\u0259 oldu\u201d.<\/p>\n","protected":false},"excerpt":{"rendered":"<p>Rusiya Prezidenti Vladimir Putin Az\u0259rbaycan d\u00f6vl\u0259t ba\u015f\u00e7\u0131s\u0131 \u0130lham \u018fliyevi m\u00fcasir v\u0259 ziyal\u0131 insan adland\u0131r\u0131b. \u201cQafqazinfo\u201d \u201c\u0130nterfaks\u201da istinad\u0259n x\u0259b\u0259r verir ki, o bu bar\u0259d\u0259 Bi\u015fkekd\u0259 m\u0259tbuat konfrans\u0131nda Qaraba\u011fla ba\u011fl\u0131 dan\u0131\u015fark\u0259n bildirib.&hellip; <\/p>\n","protected":false},"author":1,"featured_media":62708,"comment_status":"open","ping_status":"open","sticky":false,"template":"","format":"standard","meta":{"footnotes":""},"categories":[49],"tags":[],"class_list":["post-62707","post","type-post","status-publish","format-standard","has-post-thumbnail","hentry","category-siyast"],"_links":{"self":[{"href":"https:\/\/mecra.az\/index.php?rest_route=\/wp\/v2\/posts\/62707","targetHints":{"allow":["GET"]}}],"collection":[{"href":"https:\/\/mecra.az\/index.php?rest_route=\/wp\/v2\/posts"}],"about":[{"href":"https:\/\/mecra.az\/index.php?rest_route=\/wp\/v2\/types\/post"}],"author":[{"embeddable":true,"href":"https:\/\/mecra.az\/index.php?rest_route=\/wp\/v2\/users\/1"}],"replies":[{"embeddable":true,"href":"https:\/\/mecra.az\/index.php?rest_route=%2Fwp%2Fv2%2Fcomments&post=62707"}],"version-history":[{"count":1,"href":"https:\/\/mecra.az\/index.php?rest_route=\/wp\/v2\/posts\/62707\/revisions"}],"predecessor-version":[{"id":62709,"href":"https:\/\/mecra.az\/index.php?rest_route=\/wp\/v2\/posts\/62707\/revisions\/62709"}],"wp:featuredmedia":[{"embeddable":true,"href":"https:\/\/mecra.az\/index.php?rest_route=\/wp\/v2\/media\/62708"}],"wp:attachment":[{"href":"https:\/\/mecra.az\/index.php?rest_route=%2Fwp%2Fv2%2Fmedia&parent=62707"}],"wp:term":[{"taxonomy":"category","embeddable":true,"href":"https:\/\/mecra.az\/index.php?rest_route=%2Fwp%2Fv2%2Fcategories&post=62707"},{"taxonomy":"post_tag","embeddable":true,"href":"https:\/\/mecra.az\/index.php?rest_route=%2Fwp%2Fv2%2Ftags&post=62707"}],"curies":[{"name":"wp","href":"https:\/\/api.w.org\/{rel}","templated":true}]}}