{"id":62703,"date":"2026-09-02T12:33:46","date_gmt":"2026-09-02T08:33:46","guid":{"rendered":"https:\/\/mecra.az\/?p=62703"},"modified":"2026-09-02T12:33:46","modified_gmt":"2026-09-02T08:33:46","slug":"h%c9%99kiml%c9%99rin-maas-artimi-mehriban-eliyevanin-t%c9%99s%c9%99bbusudur","status":"publish","type":"post","link":"https:\/\/mecra.az\/?p=62703","title":{"rendered":"H\u0259kiml\u0259rin maa\u015f art\u0131m\u0131 Mehriban \u018fliyevan\u0131n <span class=\"mecra-highlight\" style=\"color:#ff0000;\">t\u0259\u015f\u0259bb\u00fcs\u00fcd\u00fcr<\/span>"},"content":{"rendered":"<p><strong>X\u0259b\u0259r verdiyimiz kimi, sentyabr\u0131n 1-d\u0259n T\u018fB\u0130B-in tabeliyind\u0259ki tibb m\u00fc\u0259ssis\u0259l\u0259rind\u0259 \u00e7al\u0131\u015fan tibb i\u015f\u00e7il\u0259rinin \u0259m\u0259khaqlar\u0131 art\u0131r\u0131l\u0131b.\u00a0<\/strong><\/p>\n<p>\u201cQafqazinfo\u201dnun m\u0259lumat\u0131na g\u00f6r\u0259, Birinci vitse-prezident Mehriban \u018fliyeva tibb i\u015f\u00e7il\u0259rinin maddi rifah\u0131n\u0131n yax\u015f\u0131la\u015fd\u0131r\u0131lmas\u0131, \u0259m\u0259yinin y\u00fcks\u0259k qiym\u0259tl\u0259ndirilm\u0259si v\u0259 s\u0259hiyy\u0259 sistemind\u0259 insan kapital\u0131n\u0131n g\u00fccl\u0259ndirilm\u0259si m\u0259qs\u0259dil\u0259 T\u018fB\u0130B tabeliyind\u0259 \u00e7al\u0131\u015fan tibb i\u015f\u00e7il\u0259rinin \u0259m\u0259khaqq\u0131lar\u0131n\u0131n art\u0131r\u0131lmas\u0131 t\u0259\u015f\u0259bb\u00fcs\u00fc il\u0259 \u00e7\u0131x\u0131\u015f edib.<\/p>\n<p>Prezident \u0130lham \u018fliyev t\u0259\u015f\u0259bb\u00fcs\u00fc m\u00fcsb\u0259t qar\u015f\u0131layaraq onun icras\u0131 il\u0259 ba\u011fl\u0131 m\u00fcvafiq tap\u015f\u0131r\u0131q verib.<\/p>\n<p>Qeyd ed\u0259k ki, bu, T\u018fB\u0130B-in tabeliyind\u0259ki tibb m\u00fc\u0259ssis\u0259l\u0259rind\u0259 \u00e7al\u0131\u015fan 72 212 tibb i\u015f\u00e7isini \u0259hat\u0259 ed\u0259c\u0259k. \u0130slahat n\u0259tic\u0259sind\u0259 T\u018fB\u0130B sistemi \u00fczr\u0259 illik \u0259m\u0259khaqq\u0131 fondu 189 milyon manat art\u0131b.<\/p>\n","protected":false},"excerpt":{"rendered":"<p>X\u0259b\u0259r verdiyimiz kimi, sentyabr\u0131n 1-d\u0259n T\u018fB\u0130B-in tabeliyind\u0259ki tibb m\u00fc\u0259ssis\u0259l\u0259rind\u0259 \u00e7al\u0131\u015fan tibb i\u015f\u00e7il\u0259rinin \u0259m\u0259khaqlar\u0131 art\u0131r\u0131l\u0131b.\u00a0 \u201cQafqazinfo\u201dnun m\u0259lumat\u0131na g\u00f6r\u0259, Birinci vitse-prezident Mehriban \u018fliyeva tibb i\u015f\u00e7il\u0259rinin maddi rifah\u0131n\u0131n yax\u015f\u0131la\u015fd\u0131r\u0131lmas\u0131, \u0259m\u0259yinin y\u00fcks\u0259k qiym\u0259tl\u0259ndirilm\u0259si v\u0259&hellip; <\/p>\n","protected":false},"author":1,"featured_media":56934,"comment_status":"open","ping_status":"open","sticky":false,"template":"","format":"standard","meta":{"footnotes":""},"categories":[49],"tags":[],"class_list":["post-62703","post","type-post","status-publish","format-standard","has-post-thumbnail","hentry","category-siyast"],"_links":{"self":[{"href":"https:\/\/mecra.az\/index.php?rest_route=\/wp\/v2\/posts\/62703","targetHints":{"allow":["GET"]}}],"collection":[{"href":"https:\/\/mecra.az\/index.php?rest_route=\/wp\/v2\/posts"}],"about":[{"href":"https:\/\/mecra.az\/index.php?rest_route=\/wp\/v2\/types\/post"}],"author":[{"embeddable":true,"href":"https:\/\/mecra.az\/index.php?rest_route=\/wp\/v2\/users\/1"}],"replies":[{"embeddable":true,"href":"https:\/\/mecra.az\/index.php?rest_route=%2Fwp%2Fv2%2Fcomments&post=62703"}],"version-history":[{"count":1,"href":"https:\/\/mecra.az\/index.php?rest_route=\/wp\/v2\/posts\/62703\/revisions"}],"predecessor-version":[{"id":62704,"href":"https:\/\/mecra.az\/index.php?rest_route=\/wp\/v2\/posts\/62703\/revisions\/62704"}],"wp:featuredmedia":[{"embeddable":true,"href":"https:\/\/mecra.az\/index.php?rest_route=\/wp\/v2\/media\/56934"}],"wp:attachment":[{"href":"https:\/\/mecra.az\/index.php?rest_route=%2Fwp%2Fv2%2Fmedia&parent=62703"}],"wp:term":[{"taxonomy":"category","embeddable":true,"href":"https:\/\/mecra.az\/index.php?rest_route=%2Fwp%2Fv2%2Fcategories&post=62703"},{"taxonomy":"post_tag","embeddable":true,"href":"https:\/\/mecra.az\/index.php?rest_route=%2Fwp%2Fv2%2Ftags&post=62703"}],"curies":[{"name":"wp","href":"https:\/\/api.w.org\/{rel}","templated":true}]}}