{"id":62689,"date":"2026-09-02T11:54:33","date_gmt":"2026-09-02T07:54:33","guid":{"rendered":"https:\/\/mecra.az\/?p=62689"},"modified":"2026-09-02T11:54:33","modified_gmt":"2026-09-02T07:54:33","slug":"erm%c9%99nistanin-t%c9%99cavuzu-baslayandan-b%c9%99ri-3-min-500-d%c9%99n-cox-v%c9%99t%c9%99ndasimiz-minalardan-z%c9%99r%c9%99r-c%c9%99kib","status":"publish","type":"post","link":"https:\/\/mecra.az\/?p=62689","title":{"rendered":"&#8220;Erm\u0259nistan\u0131n t\u0259cav\u00fcz\u00fc ba\u015flayandan b\u0259ri 3 min 500-d\u0259n \u00e7ox v\u0259t\u0259nda\u015f\u0131m\u0131z minalardan z\u0259r\u0259r \u00e7\u0259kib&#8221;"},"content":{"rendered":"<p><strong>Az\u0259rbaycan Erm\u0259nistan t\u0259r\u0259find\u0259n \u0259razil\u0259rinin t\u0259xmin\u0259n 30 il i\u015f\u011fal\u0131 n\u0259tic\u0259sind\u0259 d\u00fcnyan\u0131n mina il\u0259 \u0259n \u00e7ox \u00e7irkl\u0259nmi\u015f \u00f6lk\u0259l\u0259rind\u0259n birin\u0259 \u00e7evrilib.<\/strong><\/p>\n<p><a href=\"http:\/\/Mecra.az\"><strong>Mecra.az<\/strong><\/a> x\u0259b\u0259r verir ki, bu bar\u0259d\u0259 Prezident \u0130lham \u018fliyevin &#8220;\u015e\u0259h\u0259rl\u0259rin b\u0259rpas\u0131 \u00fc\u00e7\u00fcn humanitar minat\u0259mizl\u0259m\u0259: T\u0259hl\u00fck\u0259siz ya\u015fay\u0131\u015f m\u0259sk\u0259nl\u0259ri \u00fc\u00e7\u00fcn m\u00fck\u0259mm\u0259llik standartlar\u0131n\u0131n m\u00fc\u0259yy\u0259nl\u0259\u015fdirilm\u0259si&#8221; m\u00f6vzusunda 4-c\u00fc Beyn\u0259lxalq Minat\u0259mizl\u0259m\u0259 Konfrans\u0131n\u0131n i\u015ftirak\u00e7\u0131lar\u0131na \u00fcnvanlad\u0131\u011f\u0131 m\u00fcraci\u0259td\u0259 qeyd olunub.<\/p>\n<p>D\u00f6vl\u0259t ba\u015f\u00e7\u0131s\u0131 m\u00fcraci\u0259tind\u0259 bildirib ki, ilkin hesablamalara g\u00f6r\u0259, Az\u0259rbaycan \u0259razisinin 13 faizind\u0259n \u00e7oxu mina v\u0259 partlamam\u0131\u015f sursatlar\u0131n t\u0259sirin\u0259 m\u0259ruz qal\u0131b:<\/p>\n<p>&#8220;Qaraba\u011f\u0131n v\u0259 \u015e\u0259rqi Z\u0259ng\u0259zurun azad edilmi\u015f \u0259razil\u0259ri mina v\u0259 partlamam\u0131\u015f sursatlarla art\u0131q d\u0259r\u0259c\u0259d\u0259 \u00e7irkl\u0259nmi\u015f v\u0259ziyy\u0259td\u0259 qal\u0131r ki, bu da yenid\u0259nqurma, iqtisadi f\u0259aliyy\u0259t, t\u0259hl\u00fck\u0259siz h\u0259r\u0259k\u0259t v\u0259 ke\u00e7mi\u015f m\u0259cburi k\u00f6\u00e7k\u00fcnl\u0259rin do\u011fma torpaqlar\u0131na qay\u0131tmas\u0131 \u00fc\u00e7\u00fcn ciddi mane\u0259l\u0259r yarad\u0131r&#8221;.<\/p>\n<p>Az\u0259rbaycan lideri m\u00fcraci\u0259tind\u0259 xat\u0131rlad\u0131b ki, V\u0259t\u0259n m\u00fcharib\u0259sinin bitdiyi 2020-ci ild\u0259n indiy\u0259d\u0259k m\u00fclki \u015f\u0259xsl\u0259r, h\u0259rb\u00e7il\u0259r, minaaxtaranlar, jurnalistl\u0259r v\u0259 yenid\u0259nqurma i\u015fl\u0259rind\u0259 i\u015ftirak ed\u0259n \u015f\u0259xsl\u0259r d\u0259 daxil olmaqla, 437 Az\u0259rbaycan v\u0259t\u0259nda\u015f\u0131 mina v\u0259 partlay\u0131c\u0131 sursat hadis\u0259l\u0259rinin qurban\u0131 olub, n\u0259tic\u0259d\u0259 73 n\u0259f\u0259r h\u0259yat\u0131n\u0131 itirib, 364 n\u0259f\u0259r a\u011f\u0131r yaralan\u0131b:<\/p>\n<p>&#8220;\u00dcmumilikd\u0259, Erm\u0259nistan\u0131n Az\u0259rbaycana qar\u015f\u0131 t\u0259cav\u00fcz\u00fc ba\u015flayandan b\u0259ri 3 min 500-d\u0259n \u00e7ox v\u0259t\u0259nda\u015f\u0131m\u0131z minalardan z\u0259r\u0259r \u00e7\u0259kib. Onlar\u0131n aras\u0131nda u\u015faqlar, qad\u0131nlar v\u0259 dig\u0259r m\u00fclki \u015f\u0259xsl\u0259r d\u0259 var ki, bu gizli t\u0259hl\u00fck\u0259 onlar\u0131n h\u0259yat\u0131na faci\u0259vi t\u0259sir edib&#8221;.<\/p>\n<p>\u0130lham \u018fliyev m\u00fcraci\u0259tind\u0259 vur\u011fulay\u0131b ki, Erm\u0259nistan t\u0259r\u0259find\u0259n t\u0259qdim edil\u0259n minalanm\u0131\u015f sah\u0259l\u0259rin x\u0259rit\u0259l\u0259rinin \u0259sas\u0259n qeyri-d\u0259qiq v\u0259 natamam olmas\u0131 bu \u00e7a\u011f\u0131r\u0131\u015f\u0131n miqyas\u0131n\u0131 daha da art\u0131r\u0131r:<\/p>\n<p>&#8220;Minalar v\u0259 mina t\u0259l\u0259l\u0259ri yaln\u0131z ke\u00e7mi\u015f h\u0259rbi m\u00f6vqel\u0259rd\u0259 deyil, h\u0259m d\u0259 yollar boyunca, ya\u015fay\u0131\u015f sah\u0259l\u0259rinin yax\u0131nl\u0131\u011f\u0131nda, q\u0259biristanl\u0131qlarda, k\u0259nd t\u0259s\u0259rr\u00fcfat\u0131 torpaqlar\u0131nda, me\u015f\u0259l\u0259rd\u0259, \u00e7ay sahill\u0259rind\u0259 v\u0259 dig\u0259r m\u00fclki \u0259razil\u0259rd\u0259 a\u015fkar edilib. Buna baxmayaraq, Az\u0259rbaycan bu \u00e7a\u011f\u0131r\u0131\u015flar\u0131n \u00f6hd\u0259sind\u0259n g\u0259lm\u0259y\u0259 v\u0259 v\u0259t\u0259nda\u015flar\u0131n\u0131n \u00f6z do\u011fma yurdlar\u0131na t\u0259hl\u00fck\u0259siz, l\u0259yaq\u0259tli v\u0259 davaml\u0131 qay\u0131d\u0131\u015f\u0131n\u0131 t\u0259min etm\u0259y\u0259 q\u0259tiyy\u0259tl\u0259 sadiqdir&#8221;. (Report).<\/p>\n","protected":false},"excerpt":{"rendered":"<p>Az\u0259rbaycan Erm\u0259nistan t\u0259r\u0259find\u0259n \u0259razil\u0259rinin t\u0259xmin\u0259n 30 il i\u015f\u011fal\u0131 n\u0259tic\u0259sind\u0259 d\u00fcnyan\u0131n mina il\u0259 \u0259n \u00e7ox \u00e7irkl\u0259nmi\u015f \u00f6lk\u0259l\u0259rind\u0259n birin\u0259 \u00e7evrilib. Mecra.az x\u0259b\u0259r verir ki, bu bar\u0259d\u0259 Prezident \u0130lham \u018fliyevin &#8220;\u015e\u0259h\u0259rl\u0259rin b\u0259rpas\u0131 \u00fc\u00e7\u00fcn&hellip; <\/p>\n","protected":false},"author":1,"featured_media":49576,"comment_status":"open","ping_status":"open","sticky":false,"template":"","format":"standard","meta":{"footnotes":""},"categories":[1],"tags":[],"class_list":["post-62689","post","type-post","status-publish","format-standard","has-post-thumbnail","hentry","category-manset"],"_links":{"self":[{"href":"https:\/\/mecra.az\/index.php?rest_route=\/wp\/v2\/posts\/62689","targetHints":{"allow":["GET"]}}],"collection":[{"href":"https:\/\/mecra.az\/index.php?rest_route=\/wp\/v2\/posts"}],"about":[{"href":"https:\/\/mecra.az\/index.php?rest_route=\/wp\/v2\/types\/post"}],"author":[{"embeddable":true,"href":"https:\/\/mecra.az\/index.php?rest_route=\/wp\/v2\/users\/1"}],"replies":[{"embeddable":true,"href":"https:\/\/mecra.az\/index.php?rest_route=%2Fwp%2Fv2%2Fcomments&post=62689"}],"version-history":[{"count":1,"href":"https:\/\/mecra.az\/index.php?rest_route=\/wp\/v2\/posts\/62689\/revisions"}],"predecessor-version":[{"id":62690,"href":"https:\/\/mecra.az\/index.php?rest_route=\/wp\/v2\/posts\/62689\/revisions\/62690"}],"wp:featuredmedia":[{"embeddable":true,"href":"https:\/\/mecra.az\/index.php?rest_route=\/wp\/v2\/media\/49576"}],"wp:attachment":[{"href":"https:\/\/mecra.az\/index.php?rest_route=%2Fwp%2Fv2%2Fmedia&parent=62689"}],"wp:term":[{"taxonomy":"category","embeddable":true,"href":"https:\/\/mecra.az\/index.php?rest_route=%2Fwp%2Fv2%2Fcategories&post=62689"},{"taxonomy":"post_tag","embeddable":true,"href":"https:\/\/mecra.az\/index.php?rest_route=%2Fwp%2Fv2%2Ftags&post=62689"}],"curies":[{"name":"wp","href":"https:\/\/api.w.org\/{rel}","templated":true}]}}