{"id":62684,"date":"2026-09-02T11:42:10","date_gmt":"2026-09-02T07:42:10","guid":{"rendered":"https:\/\/mecra.az\/?p=62684"},"modified":"2026-09-02T11:42:10","modified_gmt":"2026-09-02T07:42:10","slug":"tebib-sistemind%c9%99-calisan-tibb-iscil%c9%99rinin-%c9%99m%c9%99khaqlari-artirilir","status":"publish","type":"post","link":"https:\/\/mecra.az\/?p=62684","title":{"rendered":"T\u018fB\u0130B sistemind\u0259 \u00e7al\u0131\u015fan tibb i\u015f\u00e7il\u0259rinin \u0259m\u0259khaqlar\u0131 <span class=\"mecra-highlight\" style=\"color:#ff0000;\">art\u0131r\u0131l\u0131r<\/span>"},"content":{"rendered":"<p><strong>T\u018fB\u0130B-in tabeliyind\u0259ki tibb m\u00fc\u0259ssis\u0259l\u0259rind\u0259 \u00e7al\u0131\u015fan tibb i\u015f\u00e7il\u0259rinin \u0259m\u0259khaqlar\u0131 art\u0131r\u0131l\u0131r.<\/strong><\/p>\n<p><a href=\"http:\/\/Mecra.az\"><strong>Mecra.az<\/strong> <\/a>APA-ya istinad\u0259n x\u0259b\u0259r verir ki, bunu T\u018fB\u0130B-in (Tibbi \u018frazi B\u00f6lm\u0259l\u0259rini \u0130dar\u0259etm\u0259 Birliyi) icra\u00e7\u0131 direktoru Anar Bayramov m\u0259tbuat konfrans\u0131nda deyib.<\/p>\n<p>O bildirib ki, \u0259m\u0259khaqq\u0131 islahat\u0131na uy\u011fun olaraq yeni qaydalar 2026-c\u0131 il sentyabr\u0131n 1-d\u0259n t\u0259tbiq olunub v\u0259 bu, T\u018fB\u0130B-in tabeliyind\u0259ki tibb m\u00fc\u0259ssis\u0259l\u0259rind\u0259 \u00e7al\u0131\u015fan 72 212 tibb i\u015f\u00e7isini \u0259hat\u0259 ed\u0259c\u0259k: \u201cOnlardan 36 041 n\u0259f\u0259ri orta, 20 367 n\u0259f\u0259ri ki\u00e7ik tibb hey\u0259ti, 8 675 n\u0259f\u0259ri ambulator tibbi xidm\u0259t g\u00f6st\u0259r\u0259n h\u0259kiml\u0259r, 7 129 n\u0259f\u0259ri is\u0259 ilkin s\u0259hiyy\u0259, t\u0259cili tibbi yard\u0131m, anesteziologiya-reanimatologiya xidm\u0259tl\u0259ri, habel\u0259 regionlarda kadr \u00e7at\u0131\u015fmazl\u0131\u011f\u0131 m\u00fc\u015fahid\u0259 edil\u0259n dar ixtisaslar \u00fczr\u0259 \u00e7al\u0131\u015fan h\u0259kiml\u0259rdir\u201d.<\/p>\n<p>O qeyd edib ki, islahat n\u0259tic\u0259sind\u0259 T\u018fB\u0130B sistemi \u00fczr\u0259 illik \u0259m\u0259khaqq\u0131 fondu 189 milyon manat v\u0259 ya 13,66 faiz artacaq.<\/p>\n<p>Bildirilib ki, \u0259m\u0259khaqq\u0131 art\u0131mlar\u0131 v\u0259zif\u0259, ixtisas, i\u015f y\u00fck\u00fc, f\u0259aliyy\u0259t g\u00f6st\u0259ricil\u0259ri v\u0259 regionlarda m\u00f6vcud kadr t\u0259minat\u0131 n\u0259z\u0259r\u0259 al\u0131nmaqla diferensialla\u015fd\u0131r\u0131lacaq.<\/p>\n","protected":false},"excerpt":{"rendered":"<p>T\u018fB\u0130B-in tabeliyind\u0259ki tibb m\u00fc\u0259ssis\u0259l\u0259rind\u0259 \u00e7al\u0131\u015fan tibb i\u015f\u00e7il\u0259rinin \u0259m\u0259khaqlar\u0131 art\u0131r\u0131l\u0131r. Mecra.az APA-ya istinad\u0259n x\u0259b\u0259r verir ki, bunu T\u018fB\u0130B-in (Tibbi \u018frazi B\u00f6lm\u0259l\u0259rini \u0130dar\u0259etm\u0259 Birliyi) icra\u00e7\u0131 direktoru Anar Bayramov m\u0259tbuat konfrans\u0131nda deyib. O&hellip; <\/p>\n","protected":false},"author":1,"featured_media":62685,"comment_status":"open","ping_status":"open","sticky":false,"template":"","format":"standard","meta":{"footnotes":""},"categories":[48],"tags":[],"class_list":["post-62684","post","type-post","status-publish","format-standard","has-post-thumbnail","hentry","category-sosial"],"_links":{"self":[{"href":"https:\/\/mecra.az\/index.php?rest_route=\/wp\/v2\/posts\/62684","targetHints":{"allow":["GET"]}}],"collection":[{"href":"https:\/\/mecra.az\/index.php?rest_route=\/wp\/v2\/posts"}],"about":[{"href":"https:\/\/mecra.az\/index.php?rest_route=\/wp\/v2\/types\/post"}],"author":[{"embeddable":true,"href":"https:\/\/mecra.az\/index.php?rest_route=\/wp\/v2\/users\/1"}],"replies":[{"embeddable":true,"href":"https:\/\/mecra.az\/index.php?rest_route=%2Fwp%2Fv2%2Fcomments&post=62684"}],"version-history":[{"count":1,"href":"https:\/\/mecra.az\/index.php?rest_route=\/wp\/v2\/posts\/62684\/revisions"}],"predecessor-version":[{"id":62686,"href":"https:\/\/mecra.az\/index.php?rest_route=\/wp\/v2\/posts\/62684\/revisions\/62686"}],"wp:featuredmedia":[{"embeddable":true,"href":"https:\/\/mecra.az\/index.php?rest_route=\/wp\/v2\/media\/62685"}],"wp:attachment":[{"href":"https:\/\/mecra.az\/index.php?rest_route=%2Fwp%2Fv2%2Fmedia&parent=62684"}],"wp:term":[{"taxonomy":"category","embeddable":true,"href":"https:\/\/mecra.az\/index.php?rest_route=%2Fwp%2Fv2%2Fcategories&post=62684"},{"taxonomy":"post_tag","embeddable":true,"href":"https:\/\/mecra.az\/index.php?rest_route=%2Fwp%2Fv2%2Ftags&post=62684"}],"curies":[{"name":"wp","href":"https:\/\/api.w.org\/{rel}","templated":true}]}}