{"id":62681,"date":"2026-09-02T11:39:59","date_gmt":"2026-09-02T07:39:59","guid":{"rendered":"https:\/\/mecra.az\/?p=62681"},"modified":"2026-09-02T11:39:59","modified_gmt":"2026-09-02T07:39:59","slug":"prezident-h%c9%99mkarini-t%c9%99brik-etdi-8","status":"publish","type":"post","link":"https:\/\/mecra.az\/?p=62681","title":{"rendered":"Prezident h\u0259mkar\u0131n\u0131 t\u0259brik <span class=\"mecra-highlight\" style=\"color:#ff0000;\">etdi<\/span>"},"content":{"rendered":"<p><strong>Az\u0259rbaycan Prezidenti \u0130lham \u018fliyev\u00a0Vyetnam Kommunist Partiyas\u0131n\u0131n M\u0259rk\u0259zi Komit\u0259sinin Ba\u015f katibi, Vyetnam Sosialist Respublikas\u0131n\u0131n Prezidenti To Lama t\u0259brik m\u0259ktubu \u00fcnvanlay\u0131b.<\/strong><\/p>\n<p><a href=\"http:\/\/Mecra.az\"><strong>Mecra.az<\/strong><\/a> x\u0259b\u0259r verir ki, m\u0259ktubda deyilir:<\/p>\n<p>\u201cZati-alil\u0259ri,<\/p>\n<p>Vyetnam Sosialist Respublikas\u0131n\u0131n milli bayram\u0131 \u2013 M\u00fcst\u0259qillik G\u00fcn\u00fc m\u00fcnasib\u0259til\u0259 Sizi v\u0259 Sizin siman\u0131zda b\u00fct\u00fcn xalq\u0131n\u0131z\u0131 \u00f6z ad\u0131mdan v\u0259 Az\u0259rbaycan xalq\u0131 ad\u0131ndan s\u0259mimi-q\u0259lbd\u0259n t\u0259brik edir, \u0259n xo\u015f arzular\u0131m\u0131 yetirir\u0259m.<\/p>\n<p>\u0130qtisadi inki\u015faf\u0131n t\u0259min edilm\u0259si, \u0259halinin rifah\u0131n\u0131n art\u0131r\u0131lmas\u0131 v\u0259 beyn\u0259lxalq n\u00fcfuzun y\u00fcks\u0259ldilm\u0259si istiqam\u0259tind\u0259 dost Vyetnam m\u00fch\u00fcm nailiyy\u0259tl\u0259r qazanm\u0131\u015fd\u0131r.<\/p>\n<p>Az\u0259rbaycan il\u0259 Vyetnam aras\u0131nda m\u00fcnasib\u0259tl\u0259r qar\u015f\u0131l\u0131ql\u0131 h\u00f6rm\u0259t, etimad v\u0259 dostluq \u0259n\u0259n\u0259l\u0259rin\u0259 \u0259saslan\u0131r. Son ill\u0259rd\u0259 y\u00fcks\u0259k s\u0259viyy\u0259li t\u0259maslar\u0131n intensivl\u0259\u015fm\u0259si, siyasi dialoqun geni\u015fl\u0259nm\u0259si daha geni\u015f \u0259m\u0259kda\u015fl\u0131q \u00fc\u00e7\u00fcn \u0259lveri\u015fli \u015f\u0259rait formala\u015fd\u0131rm\u0131\u015fd\u0131r.<\/p>\n<p>Bu g\u00fcn bir s\u0131ra sah\u0259l\u0259rd\u0259, x\u00fcsusil\u0259 d\u0259 iqtisadi-ticari, energetika, s\u0259naye, n\u0259qliyyat, turizm, t\u0259hsil v\u0259 humanitar sah\u0259l\u0259rd\u0259 i\u015fbirliyimizin daha da geni\u015fl\u0259ndirilm\u0259si \u00fc\u00e7\u00fcn yax\u015f\u0131 imkanlar vard\u0131r.<\/p>\n<p>\u0130nan\u0131ram ki, birg\u0259 s\u0259yl\u0259rimizl\u0259 Az\u0259rbaycan il\u0259 Vyetnam aras\u0131nda dostluq v\u0259 strateji t\u0259r\u0259fda\u015fl\u0131q m\u00fcnasib\u0259tl\u0259ri bundan sonra da u\u011furla davam ed\u0259r\u0259k xalqlar\u0131m\u0131z\u0131n v\u0259 \u00f6lk\u0259l\u0259rimizin rifah\u0131na xidm\u0259t ed\u0259c\u0259kdir.<\/p>\n<p>Bel\u0259 bir xo\u015f g\u00fcnd\u0259 Siz\u0259 m\u00f6hk\u0259m cansa\u011fl\u0131\u011f\u0131, i\u015fl\u0259rinizd\u0259 u\u011furlar, dost Vyetnam xalq\u0131na daim \u0259min-amanl\u0131q v\u0259 firavanl\u0131q arzulay\u0131ram\u201d.<\/p>\n<p>&nbsp;<\/p>\n","protected":false},"excerpt":{"rendered":"<p>Az\u0259rbaycan Prezidenti \u0130lham \u018fliyev\u00a0Vyetnam Kommunist Partiyas\u0131n\u0131n M\u0259rk\u0259zi Komit\u0259sinin Ba\u015f katibi, Vyetnam Sosialist Respublikas\u0131n\u0131n Prezidenti To Lama t\u0259brik m\u0259ktubu \u00fcnvanlay\u0131b. Mecra.az x\u0259b\u0259r verir ki, m\u0259ktubda deyilir: \u201cZati-alil\u0259ri, Vyetnam Sosialist Respublikas\u0131n\u0131n milli&hellip; <\/p>\n","protected":false},"author":1,"featured_media":62682,"comment_status":"open","ping_status":"open","sticky":false,"template":"","format":"standard","meta":{"footnotes":""},"categories":[1],"tags":[],"class_list":["post-62681","post","type-post","status-publish","format-standard","has-post-thumbnail","hentry","category-manset"],"_links":{"self":[{"href":"https:\/\/mecra.az\/index.php?rest_route=\/wp\/v2\/posts\/62681","targetHints":{"allow":["GET"]}}],"collection":[{"href":"https:\/\/mecra.az\/index.php?rest_route=\/wp\/v2\/posts"}],"about":[{"href":"https:\/\/mecra.az\/index.php?rest_route=\/wp\/v2\/types\/post"}],"author":[{"embeddable":true,"href":"https:\/\/mecra.az\/index.php?rest_route=\/wp\/v2\/users\/1"}],"replies":[{"embeddable":true,"href":"https:\/\/mecra.az\/index.php?rest_route=%2Fwp%2Fv2%2Fcomments&post=62681"}],"version-history":[{"count":1,"href":"https:\/\/mecra.az\/index.php?rest_route=\/wp\/v2\/posts\/62681\/revisions"}],"predecessor-version":[{"id":62683,"href":"https:\/\/mecra.az\/index.php?rest_route=\/wp\/v2\/posts\/62681\/revisions\/62683"}],"wp:featuredmedia":[{"embeddable":true,"href":"https:\/\/mecra.az\/index.php?rest_route=\/wp\/v2\/media\/62682"}],"wp:attachment":[{"href":"https:\/\/mecra.az\/index.php?rest_route=%2Fwp%2Fv2%2Fmedia&parent=62681"}],"wp:term":[{"taxonomy":"category","embeddable":true,"href":"https:\/\/mecra.az\/index.php?rest_route=%2Fwp%2Fv2%2Fcategories&post=62681"},{"taxonomy":"post_tag","embeddable":true,"href":"https:\/\/mecra.az\/index.php?rest_route=%2Fwp%2Fv2%2Ftags&post=62681"}],"curies":[{"name":"wp","href":"https:\/\/api.w.org\/{rel}","templated":true}]}}