{"id":62665,"date":"2026-09-01T21:56:43","date_gmt":"2026-09-01T17:56:43","guid":{"rendered":"https:\/\/mecra.az\/?p=62665"},"modified":"2026-09-01T21:56:43","modified_gmt":"2026-09-01T17:56:43","slug":"bakinin-bu-kuc%c9%99l%c9%99ri-bagli-olacaq-x%c9%99b%c9%99rdarliq","status":"publish","type":"post","link":"https:\/\/mecra.az\/?p=62665","title":{"rendered":"Bak\u0131n\u0131n bu k\u00fc\u00e7\u0259l\u0259ri ba\u011fl\u0131 olacaq &#8211; <span class=\"mecra-highlight\" style=\"color:#ff0000;\">X\u0259b\u0259rdarl\u0131q<\/span>"},"content":{"rendered":"<p><strong>Apar\u0131lan v\u0259 apar\u0131lacaq t\u0259mir i\u015fl\u0259ri il\u0259 \u0259laq\u0259dar paytaxt\u0131n b\u0259zi k\u00fc\u00e7\u0259l\u0259rind\u0259 n\u0259qliyyat vasit\u0259l\u0259rinin h\u0259r\u0259k\u0259ti m\u00fcv\u0259qq\u0259ti olaraq tam m\u0259hdudla\u015fd\u0131r\u0131lacaq.<\/strong><\/p>\n<p><a href=\"http:\/\/Mecra.az\"><strong>Mecra.az<\/strong><\/a> x\u0259b\u0259r verir ki, bu bar\u0259d\u0259 Az\u0259rbaycan Avtomobil Yollar\u0131 D\u00f6vl\u0259t Agentliyi (AAYDA) m\u0259lumat yay\u0131b.<\/p>\n<p><strong><em>H\u0259min k\u00fc\u00e7\u0259l\u0259r a\u015fa\u011f\u0131dak\u0131lard\u0131r:<\/em><\/strong><\/p>\n<p>Mikay\u0131l \u018fliyev k\u00fc\u00e7\u0259si il\u0259 Kamil Balaki\u015fiyev k\u00fc\u00e7\u0259si aras\u0131nda yerl\u0259\u015f\u0259n avtomobil yolu \u2013 2 sentyabr saat 09:00-dan;<\/p>\n<p>Kamil Balaki\u015fiyev k\u00fc\u00e7\u0259sinin R\u00fcst\u0259m R\u00fcst\u0259mov k\u00fc\u00e7\u0259si il\u0259 k\u0259si\u015fm\u0259sind\u0259n 61 n\u00f6mr\u0259li m\u0259kt\u0259b\u0259d\u0259k olan hiss\u0259si \u2013 2 sentyabr saat 10:00-dan;<\/p>\n<p>X\u0259tai rayonu, Abdulla R\u0259himov k\u00fc\u00e7\u0259si \u2013 3 sentyabr saat 08:00-dan\u00a0n\u0259qliyyat vasit\u0259l\u0259rinin h\u0259r\u0259k\u0259ti m\u0259hdudla\u015fd\u0131r\u0131lacaq.<\/p>\n","protected":false},"excerpt":{"rendered":"<p>Apar\u0131lan v\u0259 apar\u0131lacaq t\u0259mir i\u015fl\u0259ri il\u0259 \u0259laq\u0259dar paytaxt\u0131n b\u0259zi k\u00fc\u00e7\u0259l\u0259rind\u0259 n\u0259qliyyat vasit\u0259l\u0259rinin h\u0259r\u0259k\u0259ti m\u00fcv\u0259qq\u0259ti olaraq tam m\u0259hdudla\u015fd\u0131r\u0131lacaq. Mecra.az x\u0259b\u0259r verir ki, bu bar\u0259d\u0259 Az\u0259rbaycan Avtomobil Yollar\u0131 D\u00f6vl\u0259t Agentliyi (AAYDA) m\u0259lumat&hellip; <\/p>\n","protected":false},"author":1,"featured_media":62666,"comment_status":"open","ping_status":"open","sticky":false,"template":"","format":"standard","meta":{"footnotes":""},"categories":[72],"tags":[],"class_list":["post-62665","post","type-post","status-publish","format-standard","has-post-thumbnail","hentry","category-olk"],"_links":{"self":[{"href":"https:\/\/mecra.az\/index.php?rest_route=\/wp\/v2\/posts\/62665","targetHints":{"allow":["GET"]}}],"collection":[{"href":"https:\/\/mecra.az\/index.php?rest_route=\/wp\/v2\/posts"}],"about":[{"href":"https:\/\/mecra.az\/index.php?rest_route=\/wp\/v2\/types\/post"}],"author":[{"embeddable":true,"href":"https:\/\/mecra.az\/index.php?rest_route=\/wp\/v2\/users\/1"}],"replies":[{"embeddable":true,"href":"https:\/\/mecra.az\/index.php?rest_route=%2Fwp%2Fv2%2Fcomments&post=62665"}],"version-history":[{"count":1,"href":"https:\/\/mecra.az\/index.php?rest_route=\/wp\/v2\/posts\/62665\/revisions"}],"predecessor-version":[{"id":62667,"href":"https:\/\/mecra.az\/index.php?rest_route=\/wp\/v2\/posts\/62665\/revisions\/62667"}],"wp:featuredmedia":[{"embeddable":true,"href":"https:\/\/mecra.az\/index.php?rest_route=\/wp\/v2\/media\/62666"}],"wp:attachment":[{"href":"https:\/\/mecra.az\/index.php?rest_route=%2Fwp%2Fv2%2Fmedia&parent=62665"}],"wp:term":[{"taxonomy":"category","embeddable":true,"href":"https:\/\/mecra.az\/index.php?rest_route=%2Fwp%2Fv2%2Fcategories&post=62665"},{"taxonomy":"post_tag","embeddable":true,"href":"https:\/\/mecra.az\/index.php?rest_route=%2Fwp%2Fv2%2Ftags&post=62665"}],"curies":[{"name":"wp","href":"https:\/\/api.w.org\/{rel}","templated":true}]}}