{"id":62659,"date":"2026-09-01T19:34:10","date_gmt":"2026-09-01T15:34:10","guid":{"rendered":"https:\/\/mecra.az\/?p=62659"},"modified":"2026-09-01T19:34:10","modified_gmt":"2026-09-01T15:34:10","slug":"prezidentd%c9%99n-narendra-modi-il%c9%99-gorusu-bar%c9%99d%c9%99-paylasim","status":"publish","type":"post","link":"https:\/\/mecra.az\/?p=62659","title":{"rendered":"Prezidentd\u0259n Narendra Modi il\u0259 g\u00f6r\u00fc\u015f\u00fc bar\u0259d\u0259 <span class=\"mecra-highlight\" style=\"color:#ff0000;\">payla\u015f\u0131m<\/span>"},"content":{"rendered":"<p><strong>Prezident \u0130lham \u018fliyev sentyabr\u0131n 1-d\u0259 Q\u0131r\u011f\u0131z Respublikas\u0131n\u0131n paytaxt\u0131 Bi\u015fkek \u015f\u0259h\u0259rind\u0259 \u015eanxay \u018fm\u0259kda\u015fl\u0131q T\u0259\u015fkilat\u0131n\u0131n (\u015e\u018fT) Zirv\u0259 G\u00f6r\u00fc\u015f\u00fc \u00e7\u0259r\u00e7iv\u0259sind\u0259 Hindistan\u0131n Ba\u015f naziri Narendra Modi il\u0259 g\u00f6r\u00fc\u015f\u00fcb.<\/strong><\/p>\n<p><a href=\"http:\/\/Mecra.az\"><strong>Mecra.az<\/strong><\/a> x\u0259b\u0259r verir ki, bu bar\u0259d\u0259 d\u00f6vl\u0259t ba\u015f\u00e7\u0131s\u0131n\u0131n \u201cX\u201d sosial \u015f\u0259b\u0259k\u0259 hesab\u0131nda bildirilib.<\/p>\n<p>\u201cBi\u015fkekd\u0259 ke\u00e7iril\u0259n \u015e\u018fT Zirv\u0259 G\u00f6r\u00fc\u015f\u00fc \u00e7\u0259r\u00e7iv\u0259sind\u0259 Ba\u015f nazir Narendra Modi il\u0259 ikit\u0259r\u0259fli g\u00fcnd\u0259liyimizl\u0259 ba\u011fl\u0131 fikir m\u00fcbadil\u0259si apard\u0131q\u201d, &#8211; dey\u0259 payla\u015f\u0131m\u0131nda qeyd edilib.<\/p>\n<p><em><strong>H\u0259min payla\u015f\u0131m\u0131 t\u0259qdim edirik:<\/strong><\/em><\/p>\n<div class=\"twitter-tweet twitter-tweet-rendered\"><iframe id=\"twitter-widget-0\" class=\"\" title=\"X Post\" src=\"https:\/\/platform.twitter.com\/embed\/Tweet.html?creatorScreenName=qafqazinfo&amp;dnt=false&amp;embedId=twitter-widget-0&amp;features=eyJ0ZndfdGltZWxpbmVfbGlzdCI6eyJidWNrZXQiOltdLCJ2ZXJzaW9uIjpudWxsfSwidGZ3X2ZvbGxvd2VyX2NvdW50X3N1bnNldCI6eyJidWNrZXQiOnRydWUsInZlcnNpb24iOm51bGx9LCJ0ZndfdHdlZXRfZWRpdF9iYWNrZW5kIjp7ImJ1Y2tldCI6Im9uIiwidmVyc2lvbiI6bnVsbH0sInRmd19yZWZzcmNfc2Vzc2lvbiI6eyJidWNrZXQiOiJvbiIsInZlcnNpb24iOm51bGx9LCJ0ZndfZm9zbnJfc29mdF9pbnRlcnZlbnRpb25zX2VuYWJsZWQiOnsiYnVja2V0Ijoib24iLCJ2ZXJzaW9uIjpudWxsfSwidGZ3X21peGVkX21lZGlhXzE1ODk3Ijp7ImJ1Y2tldCI6InRyZWF0bWVudCIsInZlcnNpb24iOm51bGx9LCJ0ZndfZXhwZXJpbWVudHNfY29va2llX2V4cGlyYXRpb24iOnsiYnVja2V0IjoxMjA5NjAwLCJ2ZXJzaW9uIjpudWxsfSwidGZ3X3Nob3dfYmlyZHdhdGNoX3Bpdm90c19lbmFibGVkIjp7ImJ1Y2tldCI6Im9uIiwidmVyc2lvbiI6bnVsbH0sInRmd19kdXBsaWNhdGVfc2NyaWJlc190b19zZXR0aW5ncyI6eyJidWNrZXQiOiJvbiIsInZlcnNpb24iOm51bGx9LCJ0ZndfdXNlX3Byb2ZpbGVfaW1hZ2Vfc2hhcGVfZW5hYmxlZCI6eyJidWNrZXQiOiJvbiIsInZlcnNpb24iOm51bGx9LCJ0ZndfdmlkZW9faGxzX2R5bmFtaWNfbWFuaWZlc3RzXzE1MDgyIjp7ImJ1Y2tldCI6InRydWVfYml0cmF0ZSIsInZlcnNpb24iOm51bGx9LCJ0ZndfbGVnYWN5X3RpbWVsaW5lX3N1bnNldCI6eyJidWNrZXQiOnRydWUsInZlcnNpb24iOm51bGx9LCJ0ZndfdHdlZXRfZWRpdF9mcm9udGVuZCI6eyJidWNrZXQiOiJvbiIsInZlcnNpb24iOm51bGx9fQ%3D%3D&amp;frame=false&amp;hideCard=false&amp;hideThread=false&amp;id=2094783311583568306&amp;lang=en&amp;origin=https%3A%2F%2Fqafqazinfo.az%2Fnews%2Fdetail%2Fprezidentden-narendra-modi-ile-gorusu-barede-paylasim-520165&amp;sessionId=763daccb1fd4c0e806ff9ddee5ce4b167a9339c7&amp;theme=light&amp;widgetsVersion=6a3ad42b224df%3A1778106238597&amp;width=550px\" frameborder=\"0\" scrolling=\"no\" allowfullscreen=\"allowfullscreen\" data-tweet-id=\"2094783311583568306\" data-mce-fragment=\"1\"><\/iframe><\/div>\n","protected":false},"excerpt":{"rendered":"<p>Prezident \u0130lham \u018fliyev sentyabr\u0131n 1-d\u0259 Q\u0131r\u011f\u0131z Respublikas\u0131n\u0131n paytaxt\u0131 Bi\u015fkek \u015f\u0259h\u0259rind\u0259 \u015eanxay \u018fm\u0259kda\u015fl\u0131q T\u0259\u015fkilat\u0131n\u0131n (\u015e\u018fT) Zirv\u0259 G\u00f6r\u00fc\u015f\u00fc \u00e7\u0259r\u00e7iv\u0259sind\u0259 Hindistan\u0131n Ba\u015f naziri Narendra Modi il\u0259 g\u00f6r\u00fc\u015f\u00fcb. Mecra.az x\u0259b\u0259r verir ki, bu bar\u0259d\u0259&hellip; <\/p>\n","protected":false},"author":1,"featured_media":62660,"comment_status":"open","ping_status":"open","sticky":false,"template":"","format":"standard","meta":{"footnotes":""},"categories":[1],"tags":[],"class_list":["post-62659","post","type-post","status-publish","format-standard","has-post-thumbnail","hentry","category-manset"],"_links":{"self":[{"href":"https:\/\/mecra.az\/index.php?rest_route=\/wp\/v2\/posts\/62659","targetHints":{"allow":["GET"]}}],"collection":[{"href":"https:\/\/mecra.az\/index.php?rest_route=\/wp\/v2\/posts"}],"about":[{"href":"https:\/\/mecra.az\/index.php?rest_route=\/wp\/v2\/types\/post"}],"author":[{"embeddable":true,"href":"https:\/\/mecra.az\/index.php?rest_route=\/wp\/v2\/users\/1"}],"replies":[{"embeddable":true,"href":"https:\/\/mecra.az\/index.php?rest_route=%2Fwp%2Fv2%2Fcomments&post=62659"}],"version-history":[{"count":1,"href":"https:\/\/mecra.az\/index.php?rest_route=\/wp\/v2\/posts\/62659\/revisions"}],"predecessor-version":[{"id":62661,"href":"https:\/\/mecra.az\/index.php?rest_route=\/wp\/v2\/posts\/62659\/revisions\/62661"}],"wp:featuredmedia":[{"embeddable":true,"href":"https:\/\/mecra.az\/index.php?rest_route=\/wp\/v2\/media\/62660"}],"wp:attachment":[{"href":"https:\/\/mecra.az\/index.php?rest_route=%2Fwp%2Fv2%2Fmedia&parent=62659"}],"wp:term":[{"taxonomy":"category","embeddable":true,"href":"https:\/\/mecra.az\/index.php?rest_route=%2Fwp%2Fv2%2Fcategories&post=62659"},{"taxonomy":"post_tag","embeddable":true,"href":"https:\/\/mecra.az\/index.php?rest_route=%2Fwp%2Fv2%2Ftags&post=62659"}],"curies":[{"name":"wp","href":"https:\/\/api.w.org\/{rel}","templated":true}]}}