{"id":62648,"date":"2026-09-01T17:38:55","date_gmt":"2026-09-01T13:38:55","guid":{"rendered":"https:\/\/mecra.az\/?p=62648"},"modified":"2026-09-01T17:38:55","modified_gmt":"2026-09-01T13:38:55","slug":"pasinyandan-az%c9%99rbaycanla-munasib%c9%99tl%c9%99r%c9%99-dair-aciqlama","status":"publish","type":"post","link":"https:\/\/mecra.az\/?p=62648","title":{"rendered":"Pa\u015finyandan Az\u0259rbaycanla m\u00fcnasib\u0259tl\u0259r\u0259 dair <span class=\"mecra-highlight\" style=\"color:#ff0000;\">a\u00e7\u0131qlama<\/span>"},"content":{"rendered":"<p><strong>\u201cErm\u0259nistan Az\u0259rbaycan v\u0259 T\u00fcrkiy\u0259 il\u0259 d\u00f6vl\u0259tl\u0259raras\u0131 m\u00fcnasib\u0259tl\u0259rin qurulmas\u0131 yolunu tutub, \u00e7\u00fcnki m\u00fcnaqi\u015f\u0259 \u015f\u0259raitind\u0259 suverenlik v\u0259 m\u00fcst\u0259qilliyin t\u0259min edilm\u0259si m\u00fcmk\u00fcn deyil\u201d.<\/strong><\/p>\n<p>&#8220;Qafqazinfo&#8221; \u201cSputnik Erm\u0259nistan\u201da istinad\u0259n x\u0259b\u0259r verir ki, bunu Erm\u0259nistan\u0131n Ba\u015f naziri Nikol Pa\u015finyan \u201c\u015e\u018fT plyus\u201d format\u0131nda ke\u00e7iril\u0259n g\u00f6r\u00fc\u015fd\u0259 \u00e7\u0131x\u0131\u015f\u0131 zaman\u0131 bildirib.<\/p>\n<p>Pa\u015finyan haz\u0131rda \u00f6lk\u0259sinin \u0130ran v\u0259 G\u00fcrc\u00fcstanla m\u00fcnasib\u0259tl\u0259ri inki\u015faf etdirm\u0259y\u0259, dig\u0259r iki qon\u015fu &#8211; T\u00fcrkiy\u0259 v\u0259 Az\u0259rbaycanla is\u0259 d\u00f6vl\u0259tl\u0259raras\u0131 m\u00fcnasib\u0259tl\u0259ri qurma\u011fa \u00e7al\u0131\u015fd\u0131\u011f\u0131n\u0131 qeyd edib:<\/p>\n<p>\u201cBu proses AB\u015e Prezidenti Donald Tramp\u0131n vasit\u0259\u00e7iliyi il\u0259 s\u00fclh\u00fcn b\u0259rq\u0259rar olmas\u0131ndan sonra daha \u0259m\u0259li xarakter al\u0131b\u201d.<\/p>\n<p>Ba\u015f nazirin s\u00f6zl\u0259rin\u0259 g\u00f6r\u0259, Erm\u0259nistan balansla\u015fd\u0131r\u0131lm\u0131\u015f siyas\u0259t y\u00fcr\u00fctm\u0259y\u0259 \u00e7al\u0131\u015f\u0131r: \u201c\u018fg\u0259r h\u0259r hans\u0131 geosiyasi g\u00fcc m\u0259rk\u0259zinin cazib\u0259si \u00f6lk\u0259nin m\u00fcst\u0259qilliyini m\u0259hv ed\u0259 bil\u0259c\u0259k d\u0259r\u0259c\u0259d\u0259 g\u00fccl\u0259n\u0259rs\u0259, \u0130r\u0259van balans\u0131n qorunmas\u0131, suverenlik v\u0259 m\u00fcst\u0259qilliyin t\u0259min edilm\u0259si \u00fc\u00e7\u00fcn dig\u0259r q\u00fctbl\u0259 \u0259laq\u0259ni aktivl\u0259\u015fdirir\u201d.<\/p>\n","protected":false},"excerpt":{"rendered":"<p>\u201cErm\u0259nistan Az\u0259rbaycan v\u0259 T\u00fcrkiy\u0259 il\u0259 d\u00f6vl\u0259tl\u0259raras\u0131 m\u00fcnasib\u0259tl\u0259rin qurulmas\u0131 yolunu tutub, \u00e7\u00fcnki m\u00fcnaqi\u015f\u0259 \u015f\u0259raitind\u0259 suverenlik v\u0259 m\u00fcst\u0259qilliyin t\u0259min edilm\u0259si m\u00fcmk\u00fcn deyil\u201d. &#8220;Qafqazinfo&#8221; \u201cSputnik Erm\u0259nistan\u201da istinad\u0259n x\u0259b\u0259r verir ki, bunu Erm\u0259nistan\u0131n Ba\u015f&hellip; <\/p>\n","protected":false},"author":1,"featured_media":62649,"comment_status":"open","ping_status":"open","sticky":false,"template":"","format":"standard","meta":{"footnotes":""},"categories":[70],"tags":[],"class_list":["post-62648","post","type-post","status-publish","format-standard","has-post-thumbnail","hentry","category-qafqaz"],"_links":{"self":[{"href":"https:\/\/mecra.az\/index.php?rest_route=\/wp\/v2\/posts\/62648","targetHints":{"allow":["GET"]}}],"collection":[{"href":"https:\/\/mecra.az\/index.php?rest_route=\/wp\/v2\/posts"}],"about":[{"href":"https:\/\/mecra.az\/index.php?rest_route=\/wp\/v2\/types\/post"}],"author":[{"embeddable":true,"href":"https:\/\/mecra.az\/index.php?rest_route=\/wp\/v2\/users\/1"}],"replies":[{"embeddable":true,"href":"https:\/\/mecra.az\/index.php?rest_route=%2Fwp%2Fv2%2Fcomments&post=62648"}],"version-history":[{"count":1,"href":"https:\/\/mecra.az\/index.php?rest_route=\/wp\/v2\/posts\/62648\/revisions"}],"predecessor-version":[{"id":62650,"href":"https:\/\/mecra.az\/index.php?rest_route=\/wp\/v2\/posts\/62648\/revisions\/62650"}],"wp:featuredmedia":[{"embeddable":true,"href":"https:\/\/mecra.az\/index.php?rest_route=\/wp\/v2\/media\/62649"}],"wp:attachment":[{"href":"https:\/\/mecra.az\/index.php?rest_route=%2Fwp%2Fv2%2Fmedia&parent=62648"}],"wp:term":[{"taxonomy":"category","embeddable":true,"href":"https:\/\/mecra.az\/index.php?rest_route=%2Fwp%2Fv2%2Fcategories&post=62648"},{"taxonomy":"post_tag","embeddable":true,"href":"https:\/\/mecra.az\/index.php?rest_route=%2Fwp%2Fv2%2Ftags&post=62648"}],"curies":[{"name":"wp","href":"https:\/\/api.w.org\/{rel}","templated":true}]}}