{"id":62639,"date":"2026-09-01T15:22:14","date_gmt":"2026-09-01T11:22:14","guid":{"rendered":"https:\/\/mecra.az\/?p=62639"},"modified":"2026-09-01T15:22:14","modified_gmt":"2026-09-01T11:22:14","slug":"bmt-bu-q%c9%99tnam%c9%99l%c9%99rin-icrasinda-hec-bir-rol-oynamayib","status":"publish","type":"post","link":"https:\/\/mecra.az\/?p=62639","title":{"rendered":"\u201cBMT bu q\u0259tnam\u0259l\u0259rin icras\u0131nda he\u00e7 bir rol oynamay\u0131b\u201d"},"content":{"rendered":"<p><strong>Prezident \u0130lham \u018fliyev \u201c\u015e\u018fT plyus\u201d format\u0131nda g\u00f6r\u00fc\u015fd\u0259 \u00e7\u0131x\u0131\u015f\u0131 zaman\u0131 BMT-nin 1993-c\u00fc ild\u0259 Az\u0259rbaycanla ba\u011fl\u0131 q\u0259bul etdiyi q\u0259tnam\u0259l\u0259rin icras\u0131 bar\u0259d\u0259 dan\u0131\u015f\u0131b.<\/strong><\/p>\n<p><a href=\"http:\/\/Mecra.az\"><strong>Mecra.az<\/strong><\/a> x\u0259b\u0259r verir ki, BMT T\u0259hl\u00fck\u0259sizlik \u015euras\u0131n\u0131n 1993-c\u00fc ild\u0259 q\u0259bul edilmi\u015f d\u00f6rd q\u0259tnam\u0259sinin 30 ild\u0259n sonra &#8211; \u00fc\u00e7 il \u0259vv\u0259l icra olundu\u011funu vur\u011fulayan d\u00f6vl\u0259timizin ba\u015f\u00e7\u0131s\u0131 bildirib:<\/p>\n<p>\u201cLakin t\u0259\u0259ss\u00fcf ki, BMT bu q\u0259tnam\u0259l\u0259rin icras\u0131nda he\u00e7 bir rol oynamay\u0131b. Az\u0259rbaycan \u00f6z suverenliyini v\u0259 \u0259razi b\u00fct\u00f6vl\u00fcy\u00fcn\u00fc tamamil\u0259 \u00f6z\u00fc b\u0259rpa edib. BMT T\u0259hl\u00fck\u0259sizlik \u015euras\u0131n\u0131n q\u0259tnam\u0259l\u0259rinin q\u0131sa m\u00fcdd\u0259td\u0259 icras\u0131 \u00fc\u00e7\u00fcn m\u00fcvafiq mexanizml\u0259rin haz\u0131rlanmas\u0131 t\u0259l\u0259b olunur\u201d.<\/p>\n<p>D\u00f6vl\u0259t ba\u015f\u00e7\u0131s\u0131 h\u0259m\u00e7inin qeyd edib ki, son vaxtlara q\u0259d\u0259r d\u00f6rd il \u0259rzind\u0259 Qo\u015fulmama H\u0259r\u0259kat\u0131na r\u0259hb\u0259rlik etmi\u015f Az\u0259rbaycan bundan sonra da beyn\u0259lxalq m\u0259s\u0259l\u0259l\u0259rd\u0259 \u00e7oxt\u0259r\u0259flilik prinsipl\u0259rinin m\u00f6hk\u0259ml\u0259ndirilm\u0259sin\u0259 \u00f6z t\u00f6hf\u0259sini ver\u0259c\u0259k (Qafqazinfo).<\/p>\n","protected":false},"excerpt":{"rendered":"<p>Prezident \u0130lham \u018fliyev \u201c\u015e\u018fT plyus\u201d format\u0131nda g\u00f6r\u00fc\u015fd\u0259 \u00e7\u0131x\u0131\u015f\u0131 zaman\u0131 BMT-nin 1993-c\u00fc ild\u0259 Az\u0259rbaycanla ba\u011fl\u0131 q\u0259bul etdiyi q\u0259tnam\u0259l\u0259rin icras\u0131 bar\u0259d\u0259 dan\u0131\u015f\u0131b. Mecra.az x\u0259b\u0259r verir ki, BMT T\u0259hl\u00fck\u0259sizlik \u015euras\u0131n\u0131n 1993-c\u00fc ild\u0259 q\u0259bul&hellip; <\/p>\n","protected":false},"author":1,"featured_media":62640,"comment_status":"open","ping_status":"open","sticky":false,"template":"","format":"standard","meta":{"footnotes":""},"categories":[1],"tags":[],"class_list":["post-62639","post","type-post","status-publish","format-standard","has-post-thumbnail","hentry","category-manset"],"_links":{"self":[{"href":"https:\/\/mecra.az\/index.php?rest_route=\/wp\/v2\/posts\/62639","targetHints":{"allow":["GET"]}}],"collection":[{"href":"https:\/\/mecra.az\/index.php?rest_route=\/wp\/v2\/posts"}],"about":[{"href":"https:\/\/mecra.az\/index.php?rest_route=\/wp\/v2\/types\/post"}],"author":[{"embeddable":true,"href":"https:\/\/mecra.az\/index.php?rest_route=\/wp\/v2\/users\/1"}],"replies":[{"embeddable":true,"href":"https:\/\/mecra.az\/index.php?rest_route=%2Fwp%2Fv2%2Fcomments&post=62639"}],"version-history":[{"count":1,"href":"https:\/\/mecra.az\/index.php?rest_route=\/wp\/v2\/posts\/62639\/revisions"}],"predecessor-version":[{"id":62641,"href":"https:\/\/mecra.az\/index.php?rest_route=\/wp\/v2\/posts\/62639\/revisions\/62641"}],"wp:featuredmedia":[{"embeddable":true,"href":"https:\/\/mecra.az\/index.php?rest_route=\/wp\/v2\/media\/62640"}],"wp:attachment":[{"href":"https:\/\/mecra.az\/index.php?rest_route=%2Fwp%2Fv2%2Fmedia&parent=62639"}],"wp:term":[{"taxonomy":"category","embeddable":true,"href":"https:\/\/mecra.az\/index.php?rest_route=%2Fwp%2Fv2%2Fcategories&post=62639"},{"taxonomy":"post_tag","embeddable":true,"href":"https:\/\/mecra.az\/index.php?rest_route=%2Fwp%2Fv2%2Ftags&post=62639"}],"curies":[{"name":"wp","href":"https:\/\/api.w.org\/{rel}","templated":true}]}}