{"id":62635,"date":"2026-09-01T15:15:22","date_gmt":"2026-09-01T11:15:22","guid":{"rendered":"https:\/\/mecra.az\/?p=62635"},"modified":"2026-09-01T15:15:22","modified_gmt":"2026-09-01T11:15:22","slug":"vilay%c9%99t-eyvazov-sumqayitda-v%c9%99t%c9%99ndas-q%c9%99bulu-v%c9%99-sira-baxisi-kecirdi-video","status":"publish","type":"post","link":"https:\/\/mecra.az\/?p=62635","title":{"rendered":"Vilay\u0259t Eyvazov Sumqay\u0131tda v\u0259t\u0259nda\u015f q\u0259bulu v\u0259 s\u0131ra bax\u0131\u015f\u0131 ke\u00e7irdi &#8211; <span class=\"mecra-highlight\" style=\"color:#ff0000;\">V\u0130DEO<\/span>"},"content":{"rendered":"<p><strong>Prezident \u0130lham \u018fliyevin tap\u015f\u0131r\u0131\u011f\u0131na v\u0259 b\u00f6lg\u0259l\u0259r \u00fczr\u0259 v\u0259t\u0259nda\u015f q\u0259bulu c\u0259dv\u0259lin\u0259 uy\u011fun olaraq daxili i\u015fl\u0259r naziri general-polkovnik Vilay\u0259t Eyvazov avqustun 31-d\u0259 v\u0259 sentyabr\u0131n 1-d\u0259 Sumqay\u0131t \u015f\u0259h\u0259rind\u0259 n\u00f6vb\u0259ti v\u0259t\u0259nda\u015f q\u0259bulu ke\u00e7irib.<\/strong><\/p>\n<p><a href=\"http:\/\/Mecra\"><strong>Mecra.az<\/strong><\/a> x\u0259b\u0259r verir ki, nazir \u0259vv\u0259lc\u0259 Sumqay\u0131t \u015f\u0259h\u0259rind\u0259 \u00dcmummilli Lider Heyd\u0259r \u018fliyevin abid\u0259sini ziyar\u0259t ed\u0259r\u0259k \u0259ziz xatir\u0259sini d\u0259rin h\u00f6rm\u0259t v\u0259 ehtiramla yad edib.<\/p>\n<p>Daha sonra \u015e\u0259h\u0259r Polis \u0130dar\u0259sinin inzibati binas\u0131nda q\u0259bula g\u0259l\u0259n 585 v\u0259t\u0259nda\u015f\u0131n m\u00fcxt\u0259lif m\u0259s\u0259l\u0259l\u0259rl\u0259 ba\u011fl\u0131 m\u00fcraci\u0259tl\u0259ri dinl\u0259nilib.<\/p>\n<p>V\u0259t\u0259nda\u015flar\u0131n m\u00fcraci\u0259tl\u0259rinin operativ v\u0259 qanunvericiliyin t\u0259l\u0259bl\u0259rin\u0259 uy\u011fun h\u0259lli, habel\u0259 v\u0259t\u0259nda\u015f m\u0259mnunlu\u011funun t\u0259min olunmas\u0131 m\u0259qs\u0259dil\u0259 Nazirliyin aidiyy\u0259ti ba\u015f idar\u0259 v\u0259 idar\u0259 r\u0259isl\u0259rin\u0259 m\u00fcvafiq tap\u015f\u0131r\u0131qlar verilib.<\/p>\n<p>M\u00fcraci\u0259tl\u0259rin b\u00f6y\u00fck \u0259ks\u0259riyy\u0259ti yerind\u0259c\u0259 h\u0259ll olunub, dig\u0259rl\u0259ri n\u0259zar\u0259t\u0259 g\u00f6t\u00fcr\u00fcl\u00fcb.<\/p>\n<p>S\u0259f\u0259r \u00e7\u0259r\u00e7iv\u0259sind\u0259 general-polkovnik Vilay\u0259t Eyvazov polis v\u0259 daxili qo\u015funlarda xidm\u0259t etm\u0259k arzusunda olan g\u0259ncl\u0259rin s\u0131ra bax\u0131\u015f\u0131n\u0131 da ke\u00e7irib.<\/p>\n<p>S\u0131ra bax\u0131\u015f\u0131nda xidm\u0259t\u0259 q\u0259bulun \u015f\u0259rtl\u0259rin\u0259 uy\u011fun g\u0259l\u0259n 458 n\u0259f\u0259r se\u00e7im turunun n\u00f6vb\u0259ti m\u0259rh\u0259l\u0259sin\u0259 burax\u0131l\u0131b.<\/p>\n<p><iframe loading=\"lazy\" title=\"YouTube video player\" src=\"https:\/\/www.youtube.com\/embed\/iwfTJcSJyks?si=ZbtJwJJgtbq2fYbz\" width=\"560\" height=\"315\" frameborder=\"0\" allowfullscreen=\"allowfullscreen\" data-mce-fragment=\"1\"><\/iframe><\/p>\n<p>&nbsp;<\/p>\n<div><\/div>\n<div><img decoding=\"async\" class=\"img-responsive\" title=\"\" src=\"https:\/\/qafqazinfo.az\/uploads\/1788260695\/ac3b089f-8dc2-4132-968a-f1971ef297b3.jpg\" alt=\"\" \/><br \/>\n<img decoding=\"async\" class=\"img-responsive\" title=\"\" src=\"https:\/\/qafqazinfo.az\/uploads\/1788260695\/f2cf1d12-ea87-4258-be02-8d4cb3a53239.jpg\" alt=\"\" \/><br \/>\n<img decoding=\"async\" class=\"img-responsive\" title=\"\" src=\"https:\/\/qafqazinfo.az\/uploads\/1788260695\/36586f46-1921-46bb-8ee5-25624231c3d3.jpg\" alt=\"\" \/><br \/>\n<img decoding=\"async\" class=\"img-responsive\" title=\"\" src=\"https:\/\/qafqazinfo.az\/uploads\/1788260695\/79dfbfa3-2837-4864-b710-052bfd693a67.jpg\" alt=\"\" \/><br \/>\n<img decoding=\"async\" class=\"img-responsive\" title=\"\" src=\"https:\/\/qafqazinfo.az\/uploads\/1788260695\/f838e7e7-891f-4da7-9cc8-7b6bd29fda8c.jpg\" alt=\"\" \/><br \/>\n<img decoding=\"async\" class=\"img-responsive\" title=\"\" src=\"https:\/\/qafqazinfo.az\/uploads\/1788260695\/1fafba3d-0a23-46bd-a652-e02bf8fa6ed2.jpg\" alt=\"\" \/><br \/>\n<img decoding=\"async\" class=\"img-responsive\" title=\"\" src=\"https:\/\/qafqazinfo.az\/uploads\/1788260695\/dcadf34b-0c4e-429d-9c49-9c927c316413.jpg\" alt=\"\" \/><\/div>\n","protected":false},"excerpt":{"rendered":"<p>Prezident \u0130lham \u018fliyevin tap\u015f\u0131r\u0131\u011f\u0131na v\u0259 b\u00f6lg\u0259l\u0259r \u00fczr\u0259 v\u0259t\u0259nda\u015f q\u0259bulu c\u0259dv\u0259lin\u0259 uy\u011fun olaraq daxili i\u015fl\u0259r naziri general-polkovnik Vilay\u0259t Eyvazov avqustun 31-d\u0259 v\u0259 sentyabr\u0131n 1-d\u0259 Sumqay\u0131t \u015f\u0259h\u0259rind\u0259 n\u00f6vb\u0259ti v\u0259t\u0259nda\u015f q\u0259bulu ke\u00e7irib. Mecra.az&hellip; <\/p>\n","protected":false},"author":1,"featured_media":62636,"comment_status":"open","ping_status":"open","sticky":false,"template":"","format":"standard","meta":{"footnotes":""},"categories":[72],"tags":[],"class_list":["post-62635","post","type-post","status-publish","format-standard","has-post-thumbnail","hentry","category-olk"],"_links":{"self":[{"href":"https:\/\/mecra.az\/index.php?rest_route=\/wp\/v2\/posts\/62635","targetHints":{"allow":["GET"]}}],"collection":[{"href":"https:\/\/mecra.az\/index.php?rest_route=\/wp\/v2\/posts"}],"about":[{"href":"https:\/\/mecra.az\/index.php?rest_route=\/wp\/v2\/types\/post"}],"author":[{"embeddable":true,"href":"https:\/\/mecra.az\/index.php?rest_route=\/wp\/v2\/users\/1"}],"replies":[{"embeddable":true,"href":"https:\/\/mecra.az\/index.php?rest_route=%2Fwp%2Fv2%2Fcomments&post=62635"}],"version-history":[{"count":1,"href":"https:\/\/mecra.az\/index.php?rest_route=\/wp\/v2\/posts\/62635\/revisions"}],"predecessor-version":[{"id":62637,"href":"https:\/\/mecra.az\/index.php?rest_route=\/wp\/v2\/posts\/62635\/revisions\/62637"}],"wp:featuredmedia":[{"embeddable":true,"href":"https:\/\/mecra.az\/index.php?rest_route=\/wp\/v2\/media\/62636"}],"wp:attachment":[{"href":"https:\/\/mecra.az\/index.php?rest_route=%2Fwp%2Fv2%2Fmedia&parent=62635"}],"wp:term":[{"taxonomy":"category","embeddable":true,"href":"https:\/\/mecra.az\/index.php?rest_route=%2Fwp%2Fv2%2Fcategories&post=62635"},{"taxonomy":"post_tag","embeddable":true,"href":"https:\/\/mecra.az\/index.php?rest_route=%2Fwp%2Fv2%2Ftags&post=62635"}],"curies":[{"name":"wp","href":"https:\/\/api.w.org\/{rel}","templated":true}]}}