{"id":62631,"date":"2026-09-01T15:06:38","date_gmt":"2026-09-01T11:06:38","guid":{"rendered":"https:\/\/mecra.az\/?p=62631"},"modified":"2026-09-01T15:06:38","modified_gmt":"2026-09-01T11:06:38","slug":"c%c9%99nubi-qafqaz-bolg%c9%99si-sulh-zonasina-cevrilm%c9%99kd%c9%99dir","status":"publish","type":"post","link":"https:\/\/mecra.az\/?p=62631","title":{"rendered":"\u201cC\u0259nubi Qafqaz b\u00f6lg\u0259si s\u00fclh zonas\u0131na \u00e7evrilm\u0259kd\u0259dir\u201d"},"content":{"rendered":"<p><strong>\u201cQarda\u015f Q\u0131r\u011f\u0131z\u0131stana yenid\u0259n s\u0259f\u0259r etm\u0259kd\u0259n m\u0259mnunam. Bir ay \u00f6nc\u0259 d\u00f6vl\u0259t s\u0259f\u0259rim zaman\u0131 m\u00fctt\u0259fiqlik m\u00fcnasib\u0259tl\u0259ri haqq\u0131nda M\u00fcqavil\u0259 imzaland\u0131\u201d.<\/strong><\/p>\n<p><a href=\"http:\/\/Mecra.az\"><strong>Mecra.az<\/strong><\/a> x\u0259b\u0259r verir ki, bu s\u00f6zl\u0259ri Prezident \u0130lham \u018fliyev \u201c\u015e\u018fT plyus\u201d format\u0131nda g\u00f6r\u00fc\u015fd\u0259 \u00e7\u0131x\u0131\u015f\u0131 zaman\u0131 deyib.<\/p>\n<p>D\u00f6vl\u0259t ba\u015f\u00e7\u0131s\u0131 bildirib ki, h\u0259min tarixi s\u0259n\u0259d Az\u0259rbaycan il\u0259 Q\u0131r\u011f\u0131z\u0131stan aras\u0131ndak\u0131 m\u00fcnasib\u0259tl\u0259ri \u0259n y\u00fcks\u0259k s\u0259viyy\u0259y\u0259 qald\u0131rd\u0131.<\/p>\n<p><strong>Prezident \u0130lham \u018fliyev Az\u0259rbaycan-Erm\u0259nistan m\u00fcnasib\u0259tl\u0259rind\u0259n d\u0259 dan\u0131\u015f\u0131b<\/strong>: \u201cBir ild\u0259n bir az \u00e7ox m\u00fcdd\u0259t \u0259vv\u0259l Az\u0259rbaycan v\u0259 Erm\u0259nistan s\u00fclh sazi\u015finin m\u0259tnini paraflayaraq 30 illik m\u00fcnaqi\u015f\u0259y\u0259 son qoydular\u201d.<\/p>\n<p>D\u00f6vl\u0259t ba\u015f\u00e7\u0131s\u0131 \u0259lav\u0259 edib ki, bel\u0259likl\u0259, \u00e7oxillik m\u00fcnaqi\u015f\u0259 zonas\u0131 olmu\u015f C\u0259nubi Qafqaz b\u00f6lg\u0259si s\u00fclh zonas\u0131na \u00e7evrilm\u0259kd\u0259dir (Qafqazinfo).<\/p>\n","protected":false},"excerpt":{"rendered":"<p>\u201cQarda\u015f Q\u0131r\u011f\u0131z\u0131stana yenid\u0259n s\u0259f\u0259r etm\u0259kd\u0259n m\u0259mnunam. Bir ay \u00f6nc\u0259 d\u00f6vl\u0259t s\u0259f\u0259rim zaman\u0131 m\u00fctt\u0259fiqlik m\u00fcnasib\u0259tl\u0259ri haqq\u0131nda M\u00fcqavil\u0259 imzaland\u0131\u201d. Mecra.az x\u0259b\u0259r verir ki, bu s\u00f6zl\u0259ri Prezident \u0130lham \u018fliyev \u201c\u015e\u018fT plyus\u201d format\u0131nda g\u00f6r\u00fc\u015fd\u0259&hellip; <\/p>\n","protected":false},"author":1,"featured_media":62632,"comment_status":"open","ping_status":"open","sticky":false,"template":"","format":"standard","meta":{"footnotes":""},"categories":[1],"tags":[],"class_list":["post-62631","post","type-post","status-publish","format-standard","has-post-thumbnail","hentry","category-manset"],"_links":{"self":[{"href":"https:\/\/mecra.az\/index.php?rest_route=\/wp\/v2\/posts\/62631","targetHints":{"allow":["GET"]}}],"collection":[{"href":"https:\/\/mecra.az\/index.php?rest_route=\/wp\/v2\/posts"}],"about":[{"href":"https:\/\/mecra.az\/index.php?rest_route=\/wp\/v2\/types\/post"}],"author":[{"embeddable":true,"href":"https:\/\/mecra.az\/index.php?rest_route=\/wp\/v2\/users\/1"}],"replies":[{"embeddable":true,"href":"https:\/\/mecra.az\/index.php?rest_route=%2Fwp%2Fv2%2Fcomments&post=62631"}],"version-history":[{"count":1,"href":"https:\/\/mecra.az\/index.php?rest_route=\/wp\/v2\/posts\/62631\/revisions"}],"predecessor-version":[{"id":62633,"href":"https:\/\/mecra.az\/index.php?rest_route=\/wp\/v2\/posts\/62631\/revisions\/62633"}],"wp:featuredmedia":[{"embeddable":true,"href":"https:\/\/mecra.az\/index.php?rest_route=\/wp\/v2\/media\/62632"}],"wp:attachment":[{"href":"https:\/\/mecra.az\/index.php?rest_route=%2Fwp%2Fv2%2Fmedia&parent=62631"}],"wp:term":[{"taxonomy":"category","embeddable":true,"href":"https:\/\/mecra.az\/index.php?rest_route=%2Fwp%2Fv2%2Fcategories&post=62631"},{"taxonomy":"post_tag","embeddable":true,"href":"https:\/\/mecra.az\/index.php?rest_route=%2Fwp%2Fv2%2Ftags&post=62631"}],"curies":[{"name":"wp","href":"https:\/\/api.w.org\/{rel}","templated":true}]}}