{"id":62622,"date":"2026-09-01T13:23:18","date_gmt":"2026-09-01T09:23:18","guid":{"rendered":"https:\/\/mecra.az\/?p=62622"},"modified":"2026-09-01T13:23:18","modified_gmt":"2026-09-01T09:23:18","slug":"anar-bayramov-vuqar-qurbanovun-qohumunu-isd%c9%99n-cixardi","status":"publish","type":"post","link":"https:\/\/mecra.az\/?p=62622","title":{"rendered":"Anar Bayramov V\u00fcqar Qurbanovun qohumunu i\u015fd\u0259n <span class=\"mecra-highlight\" style=\"color:#ff0000;\">\u00e7\u0131xard\u0131<\/span>"},"content":{"rendered":"<p><strong>Zaqatala Rayon M\u0259rk\u0259zi X\u0259st\u0259xanas\u0131n\u0131n direktor m\u00fcavini Camal Qarda\u015fov v\u0259zif\u0259d\u0259n azad olunub.<\/strong><\/p>\n<p><a href=\"http:\/\/Mecra.az\"><strong>Mecra.az<\/strong><\/a> Lent.az-a istinad\u0259n x\u0259b\u0259r verir ki, bununla ba\u011fl\u0131 T\u018fB\u0130B-in icra\u00e7\u0131 direktoru Anar Bayramov \u018fmr imzalay\u0131b.<\/p>\n<p>C.Qarda\u015fovun \u00f6z \u0259riz\u0259si \u0259sas\u0131nda tutdu\u011fu v\u0259zif\u0259d\u0259n azad edildiyi bildirilir.<\/p>\n<p>Qeyd ed\u0259k ki, Camal Qarda\u015fov T\u018fB\u0130B-in ke\u00e7mi\u015f r\u0259hb\u0259ri V\u00fcqar Qurbanovun yax\u0131n qohumudur.<\/p>\n","protected":false},"excerpt":{"rendered":"<p>Zaqatala Rayon M\u0259rk\u0259zi X\u0259st\u0259xanas\u0131n\u0131n direktor m\u00fcavini Camal Qarda\u015fov v\u0259zif\u0259d\u0259n azad olunub. Mecra.az Lent.az-a istinad\u0259n x\u0259b\u0259r verir ki, bununla ba\u011fl\u0131 T\u018fB\u0130B-in icra\u00e7\u0131 direktoru Anar Bayramov \u018fmr imzalay\u0131b. C.Qarda\u015fovun \u00f6z \u0259riz\u0259si \u0259sas\u0131nda&hellip; <\/p>\n","protected":false},"author":1,"featured_media":62623,"comment_status":"open","ping_status":"open","sticky":false,"template":"","format":"standard","meta":{"footnotes":""},"categories":[48],"tags":[],"class_list":["post-62622","post","type-post","status-publish","format-standard","has-post-thumbnail","hentry","category-sosial"],"_links":{"self":[{"href":"https:\/\/mecra.az\/index.php?rest_route=\/wp\/v2\/posts\/62622","targetHints":{"allow":["GET"]}}],"collection":[{"href":"https:\/\/mecra.az\/index.php?rest_route=\/wp\/v2\/posts"}],"about":[{"href":"https:\/\/mecra.az\/index.php?rest_route=\/wp\/v2\/types\/post"}],"author":[{"embeddable":true,"href":"https:\/\/mecra.az\/index.php?rest_route=\/wp\/v2\/users\/1"}],"replies":[{"embeddable":true,"href":"https:\/\/mecra.az\/index.php?rest_route=%2Fwp%2Fv2%2Fcomments&post=62622"}],"version-history":[{"count":1,"href":"https:\/\/mecra.az\/index.php?rest_route=\/wp\/v2\/posts\/62622\/revisions"}],"predecessor-version":[{"id":62624,"href":"https:\/\/mecra.az\/index.php?rest_route=\/wp\/v2\/posts\/62622\/revisions\/62624"}],"wp:featuredmedia":[{"embeddable":true,"href":"https:\/\/mecra.az\/index.php?rest_route=\/wp\/v2\/media\/62623"}],"wp:attachment":[{"href":"https:\/\/mecra.az\/index.php?rest_route=%2Fwp%2Fv2%2Fmedia&parent=62622"}],"wp:term":[{"taxonomy":"category","embeddable":true,"href":"https:\/\/mecra.az\/index.php?rest_route=%2Fwp%2Fv2%2Fcategories&post=62622"},{"taxonomy":"post_tag","embeddable":true,"href":"https:\/\/mecra.az\/index.php?rest_route=%2Fwp%2Fv2%2Ftags&post=62622"}],"curies":[{"name":"wp","href":"https:\/\/api.w.org\/{rel}","templated":true}]}}