{"id":62612,"date":"2026-09-01T11:20:51","date_gmt":"2026-09-01T07:20:51","guid":{"rendered":"https:\/\/mecra.az\/?p=62612"},"modified":"2026-09-01T11:22:21","modified_gmt":"2026-09-01T07:22:21","slug":"prezident-set-plyus-formatinda-gorusd%c9%99-istirak-edir-video-fotolar","status":"publish","type":"post","link":"https:\/\/mecra.az\/?p=62612","title":{"rendered":"Prezident \u201c\u015e\u018fT plyus\u201d format\u0131nda g\u00f6r\u00fc\u015fd\u0259 i\u015ftirak edir &#8211; V\u0130DEO &#8211; FOTOLAR"},"content":{"rendered":"<div class=\"panel-body news_text\">\n<p><strong>Q\u0131r\u011f\u0131z Respublikas\u0131n\u0131n paytaxt\u0131 Bi\u015fkek \u015f\u0259h\u0259rind\u0259 \u201c\u015e\u018fT plyus\u201d format\u0131nda g\u00f6r\u00fc\u015f ke\u00e7irilir.<\/strong><\/p>\n<p><a href=\"http:\/\/Mecra.az\"><strong>Mecra.az<\/strong> <\/a>x\u0259b\u0259r verir ki, Az\u0259rbaycan Prezidenti \u0130lham \u018fliyev g\u00f6r\u00fc\u015fd\u0259 i\u015ftirak etm\u0259k \u00fc\u00e7\u00fcn Bi\u015fkekd\u0259ki \u201cIr\u0131s Ordo\u201d Konqres M\u0259rk\u0259zin\u0259 g\u0259lib.<\/p>\n<p>Q\u0131r\u011f\u0131z Respublikas\u0131n\u0131n Prezidenti Sad\u0131r Japarov Prezident \u0130lham \u018fliyevi, dig\u0259r d\u00f6vl\u0259t v\u0259 h\u00f6kum\u0259t ba\u015f\u00e7\u0131lar\u0131n\u0131 salamlay\u0131b.<\/p>\n<p>Sonra \u201c\u015e\u018fT plyus\u201d format\u0131nda ke\u00e7iril\u0259n g\u00f6r\u00fc\u015f\u00fcn i\u015ftirak\u00e7\u0131lar\u0131 birg\u0259 foto \u00e7\u0259kdiribl\u0259r.<\/p>\n<p><iframe loading=\"lazy\" title=\"Japarov \u018fliyevi qar\u015f\u0131lad\u0131\" src=\"https:\/\/www.youtube.com\/embed\/rGRq8etoubY\" width=\"637\" height=\"400\" frameborder=\"0\" allowfullscreen=\"allowfullscreen\" data-mce-fragment=\"1\"><\/iframe><\/p>\n<p>&nbsp;<\/p>\n<div><\/div>\n<div><img decoding=\"async\" class=\"img-responsive\" title=\"\" src=\"https:\/\/qafqazinfo.az\/uploads\/1788246314\/1.jpg\" alt=\"\" \/><br \/>\n<img decoding=\"async\" class=\"img-responsive\" title=\"\" src=\"https:\/\/qafqazinfo.az\/uploads\/1788246314\/2.jpg\" alt=\"\" \/><br \/>\n<img decoding=\"async\" class=\"img-responsive\" title=\"\" src=\"https:\/\/qafqazinfo.az\/uploads\/1788246314\/3.jpg\" alt=\"\" \/><br \/>\n<img decoding=\"async\" class=\"img-responsive\" title=\"\" src=\"https:\/\/qafqazinfo.az\/uploads\/1788246314\/4.jpg\" alt=\"\" \/><\/div>\n<div><\/div>\n<\/div>\n","protected":false},"excerpt":{"rendered":"<p>Q\u0131r\u011f\u0131z Respublikas\u0131n\u0131n paytaxt\u0131 Bi\u015fkek \u015f\u0259h\u0259rind\u0259 \u201c\u015e\u018fT plyus\u201d format\u0131nda g\u00f6r\u00fc\u015f ke\u00e7irilir. Mecra.az x\u0259b\u0259r verir ki, Az\u0259rbaycan Prezidenti \u0130lham \u018fliyev g\u00f6r\u00fc\u015fd\u0259 i\u015ftirak etm\u0259k \u00fc\u00e7\u00fcn Bi\u015fkekd\u0259ki \u201cIr\u0131s Ordo\u201d Konqres M\u0259rk\u0259zin\u0259 g\u0259lib. Q\u0131r\u011f\u0131z Respublikas\u0131n\u0131n&hellip; <\/p>\n","protected":false},"author":1,"featured_media":62613,"comment_status":"open","ping_status":"open","sticky":false,"template":"","format":"standard","meta":{"footnotes":""},"categories":[1],"tags":[],"class_list":["post-62612","post","type-post","status-publish","format-standard","has-post-thumbnail","hentry","category-manset"],"_links":{"self":[{"href":"https:\/\/mecra.az\/index.php?rest_route=\/wp\/v2\/posts\/62612","targetHints":{"allow":["GET"]}}],"collection":[{"href":"https:\/\/mecra.az\/index.php?rest_route=\/wp\/v2\/posts"}],"about":[{"href":"https:\/\/mecra.az\/index.php?rest_route=\/wp\/v2\/types\/post"}],"author":[{"embeddable":true,"href":"https:\/\/mecra.az\/index.php?rest_route=\/wp\/v2\/users\/1"}],"replies":[{"embeddable":true,"href":"https:\/\/mecra.az\/index.php?rest_route=%2Fwp%2Fv2%2Fcomments&post=62612"}],"version-history":[{"count":1,"href":"https:\/\/mecra.az\/index.php?rest_route=\/wp\/v2\/posts\/62612\/revisions"}],"predecessor-version":[{"id":62614,"href":"https:\/\/mecra.az\/index.php?rest_route=\/wp\/v2\/posts\/62612\/revisions\/62614"}],"wp:featuredmedia":[{"embeddable":true,"href":"https:\/\/mecra.az\/index.php?rest_route=\/wp\/v2\/media\/62613"}],"wp:attachment":[{"href":"https:\/\/mecra.az\/index.php?rest_route=%2Fwp%2Fv2%2Fmedia&parent=62612"}],"wp:term":[{"taxonomy":"category","embeddable":true,"href":"https:\/\/mecra.az\/index.php?rest_route=%2Fwp%2Fv2%2Fcategories&post=62612"},{"taxonomy":"post_tag","embeddable":true,"href":"https:\/\/mecra.az\/index.php?rest_route=%2Fwp%2Fv2%2Ftags&post=62612"}],"curies":[{"name":"wp","href":"https:\/\/api.w.org\/{rel}","templated":true}]}}