{"id":62591,"date":"2026-09-01T09:47:45","date_gmt":"2026-09-01T05:47:45","guid":{"rendered":"https:\/\/mecra.az\/?p=62591"},"modified":"2026-09-01T10:07:33","modified_gmt":"2026-09-01T06:07:33","slug":"prezident-erdoganla-gorusdu-fotolar","status":"publish","type":"post","link":"https:\/\/mecra.az\/?p=62591","title":{"rendered":"Prezident \u018frdo\u011fanla g\u00f6r\u00fc\u015fd\u00fc &#8211; <span class=\"mecra-highlight\" style=\"color:#ff0000;\">FOTOLAR<\/span>"},"content":{"rendered":"<div class=\"panel-body news_text\">\n<p><strong>Sentyabr\u0131n 1-d\u0259 Q\u0131r\u011f\u0131z\u0131stan\u0131n paytaxt\u0131 Bi\u015fkek \u015f\u0259h\u0259rind\u0259 Az\u0259rbaycan Respublikas\u0131n\u0131n Prezidenti \u0130lham \u018fliyevin T\u00fcrkiy\u0259 Respublikas\u0131n\u0131n Prezidenti R\u0259c\u0259b Tayyib \u018frdo\u011fanla g\u00f6r\u00fc\u015f\u00fc olub.<\/strong><\/p>\n<p><a href=\"http:\/\/Mecra.az\"><strong>Mecra.az<\/strong><\/a> x\u0259b\u0259r verir ki, s\u00f6hb\u0259t zaman\u0131 Az\u0259rbaycan-T\u00fcrkiy\u0259 ikit\u0259r\u0259fli m\u00fcnasib\u0259tl\u0259rinin qarda\u015fl\u0131q v\u0259 strateji m\u00fctt\u0259fiqliy\u0259 \u0259sasland\u0131\u011f\u0131 vur\u011fulanaraq, b\u00fct\u00fcn istiqam\u0259tl\u0259r \u00fczr\u0259 \u0259laq\u0259l\u0259rin daha da geni\u015fl\u0259nm\u0259sind\u0259n m\u0259mnunluq ifad\u0259 olundu.<\/p>\n<p>\u00d6lk\u0259l\u0259rimizin \u201cBir mill\u0259t, iki d\u00f6vl\u0259t\u201d prinsipin\u0259 uy\u011fun olaraq h\u0259m xo\u015f, h\u0259m d\u0259 \u00e7\u0259tin g\u00fcnl\u0259rd\u0259 daim bir-birinin yan\u0131nda oldu\u011fu x\u00fcsusi qeyd edildi.<\/p>\n<p>G\u00f6r\u00fc\u015fd\u0259 regional s\u00fclh\u00fcn v\u0259 sabitliyin daha da m\u00f6hk\u0259ml\u0259ndirilm\u0259si il\u0259 ba\u011fl\u0131 fikir m\u00fcbadil\u0259si apar\u0131ld\u0131.<\/p>\n<p>D\u00f6vl\u0259t ba\u015f\u00e7\u0131lar\u0131 m\u00fctt\u0259fiqlik \u0259laq\u0259l\u0259rimizin perspektivl\u0259rini, regional g\u00fcnd\u0259mi v\u0259 qar\u015f\u0131l\u0131ql\u0131 maraq do\u011furan dig\u0259r m\u0259s\u0259l\u0259l\u0259ri d\u0259 m\u00fczakir\u0259 etdil\u0259r (AZ\u018fRTAC)<\/p>\n<div><img decoding=\"async\" class=\"img-responsive\" title=\"\" src=\"https:\/\/qafqazinfo.az\/uploads\/1788241109\/17882409251705259254_1200x630.jpg\" alt=\"\" \/><br \/>\n<img decoding=\"async\" class=\"img-responsive\" title=\"\" src=\"https:\/\/qafqazinfo.az\/uploads\/1788241109\/17882409253324336273_1200x630.jpg\" alt=\"\" \/><br \/>\n<img decoding=\"async\" class=\"img-responsive\" title=\"\" src=\"https:\/\/qafqazinfo.az\/uploads\/1788241109\/178824092599335413_1200x630.jpg\" alt=\"\" \/><br \/>\n<img decoding=\"async\" class=\"img-responsive\" title=\"\" src=\"https:\/\/qafqazinfo.az\/uploads\/1788241109\/17882409252480441557_1200x630.jpg\" alt=\"\" \/><\/div>\n<div><\/div>\n<\/div>\n","protected":false},"excerpt":{"rendered":"<p>Sentyabr\u0131n 1-d\u0259 Q\u0131r\u011f\u0131z\u0131stan\u0131n paytaxt\u0131 Bi\u015fkek \u015f\u0259h\u0259rind\u0259 Az\u0259rbaycan Respublikas\u0131n\u0131n Prezidenti \u0130lham \u018fliyevin T\u00fcrkiy\u0259 Respublikas\u0131n\u0131n Prezidenti R\u0259c\u0259b Tayyib \u018frdo\u011fanla g\u00f6r\u00fc\u015f\u00fc olub. Mecra.az x\u0259b\u0259r verir ki, s\u00f6hb\u0259t zaman\u0131 Az\u0259rbaycan-T\u00fcrkiy\u0259 ikit\u0259r\u0259fli m\u00fcnasib\u0259tl\u0259rinin qarda\u015fl\u0131q v\u0259&hellip; <\/p>\n","protected":false},"author":1,"featured_media":62592,"comment_status":"open","ping_status":"open","sticky":false,"template":"","format":"standard","meta":{"footnotes":""},"categories":[1],"tags":[],"class_list":["post-62591","post","type-post","status-publish","format-standard","has-post-thumbnail","hentry","category-manset"],"_links":{"self":[{"href":"https:\/\/mecra.az\/index.php?rest_route=\/wp\/v2\/posts\/62591","targetHints":{"allow":["GET"]}}],"collection":[{"href":"https:\/\/mecra.az\/index.php?rest_route=\/wp\/v2\/posts"}],"about":[{"href":"https:\/\/mecra.az\/index.php?rest_route=\/wp\/v2\/types\/post"}],"author":[{"embeddable":true,"href":"https:\/\/mecra.az\/index.php?rest_route=\/wp\/v2\/users\/1"}],"replies":[{"embeddable":true,"href":"https:\/\/mecra.az\/index.php?rest_route=%2Fwp%2Fv2%2Fcomments&post=62591"}],"version-history":[{"count":3,"href":"https:\/\/mecra.az\/index.php?rest_route=\/wp\/v2\/posts\/62591\/revisions"}],"predecessor-version":[{"id":62595,"href":"https:\/\/mecra.az\/index.php?rest_route=\/wp\/v2\/posts\/62591\/revisions\/62595"}],"wp:featuredmedia":[{"embeddable":true,"href":"https:\/\/mecra.az\/index.php?rest_route=\/wp\/v2\/media\/62592"}],"wp:attachment":[{"href":"https:\/\/mecra.az\/index.php?rest_route=%2Fwp%2Fv2%2Fmedia&parent=62591"}],"wp:term":[{"taxonomy":"category","embeddable":true,"href":"https:\/\/mecra.az\/index.php?rest_route=%2Fwp%2Fv2%2Fcategories&post=62591"},{"taxonomy":"post_tag","embeddable":true,"href":"https:\/\/mecra.az\/index.php?rest_route=%2Fwp%2Fv2%2Ftags&post=62591"}],"curies":[{"name":"wp","href":"https:\/\/api.w.org\/{rel}","templated":true}]}}