{"id":62588,"date":"2026-09-01T09:40:05","date_gmt":"2026-09-01T05:40:05","guid":{"rendered":"https:\/\/mecra.az\/?p=62588"},"modified":"2026-09-01T09:40:05","modified_gmt":"2026-09-01T05:40:05","slug":"hikm%c9%99t-haciyev-alen-simonyanla-gorusdu-foto","status":"publish","type":"post","link":"https:\/\/mecra.az\/?p=62588","title":{"rendered":"Hikm\u0259t Hac\u0131yev Alen Simonyanla g\u00f6r\u00fc\u015fd\u00fc &#8211; <span class=\"mecra-highlight\" style=\"color:#ff0000;\">FOTO<\/span>"},"content":{"rendered":"<p><strong>Az\u0259rbaycan Prezidentinin k\u00f6m\u0259k\u00e7isi \u2013 Prezident Administrasiyas\u0131n\u0131n Xarici siyas\u0259t m\u0259s\u0259l\u0259l\u0259ri \u015f\u00f6b\u0259sinin m\u00fcdiri Hikm\u0259t Hac\u0131yevl\u0259 Erm\u0259nistan T\u0259hl\u00fck\u0259sizlik \u015euras\u0131n\u0131n katibi Alen Simonyan aras\u0131nda g\u00f6r\u00fc\u015f ke\u00e7irilib.<\/strong><\/p>\n<p><a href=\"http:\/\/Mecra.az\"><strong>Mecra.az<\/strong><\/a> x\u0259b\u0259r verir ki, bu bar\u0259d\u0259 Hikm\u0259t Hac\u0131yev \u201cX\u201d hesab\u0131nda payla\u015f\u0131m edib.<\/p>\n<p>G\u00f6r\u00fc\u015f Q\u0131r\u011f\u0131z\u0131stan\u0131n paytaxt\u0131 Bi\u015fkekd\u0259 ba\u015f tutub.<\/p>\n","protected":false},"excerpt":{"rendered":"<p>Az\u0259rbaycan Prezidentinin k\u00f6m\u0259k\u00e7isi \u2013 Prezident Administrasiyas\u0131n\u0131n Xarici siyas\u0259t m\u0259s\u0259l\u0259l\u0259ri \u015f\u00f6b\u0259sinin m\u00fcdiri Hikm\u0259t Hac\u0131yevl\u0259 Erm\u0259nistan T\u0259hl\u00fck\u0259sizlik \u015euras\u0131n\u0131n katibi Alen Simonyan aras\u0131nda g\u00f6r\u00fc\u015f ke\u00e7irilib. Mecra.az x\u0259b\u0259r verir ki, bu bar\u0259d\u0259 Hikm\u0259t Hac\u0131yev&hellip; <\/p>\n","protected":false},"author":1,"featured_media":62589,"comment_status":"open","ping_status":"open","sticky":false,"template":"","format":"standard","meta":{"footnotes":""},"categories":[70],"tags":[],"class_list":["post-62588","post","type-post","status-publish","format-standard","has-post-thumbnail","hentry","category-qafqaz"],"_links":{"self":[{"href":"https:\/\/mecra.az\/index.php?rest_route=\/wp\/v2\/posts\/62588","targetHints":{"allow":["GET"]}}],"collection":[{"href":"https:\/\/mecra.az\/index.php?rest_route=\/wp\/v2\/posts"}],"about":[{"href":"https:\/\/mecra.az\/index.php?rest_route=\/wp\/v2\/types\/post"}],"author":[{"embeddable":true,"href":"https:\/\/mecra.az\/index.php?rest_route=\/wp\/v2\/users\/1"}],"replies":[{"embeddable":true,"href":"https:\/\/mecra.az\/index.php?rest_route=%2Fwp%2Fv2%2Fcomments&post=62588"}],"version-history":[{"count":1,"href":"https:\/\/mecra.az\/index.php?rest_route=\/wp\/v2\/posts\/62588\/revisions"}],"predecessor-version":[{"id":62590,"href":"https:\/\/mecra.az\/index.php?rest_route=\/wp\/v2\/posts\/62588\/revisions\/62590"}],"wp:featuredmedia":[{"embeddable":true,"href":"https:\/\/mecra.az\/index.php?rest_route=\/wp\/v2\/media\/62589"}],"wp:attachment":[{"href":"https:\/\/mecra.az\/index.php?rest_route=%2Fwp%2Fv2%2Fmedia&parent=62588"}],"wp:term":[{"taxonomy":"category","embeddable":true,"href":"https:\/\/mecra.az\/index.php?rest_route=%2Fwp%2Fv2%2Fcategories&post=62588"},{"taxonomy":"post_tag","embeddable":true,"href":"https:\/\/mecra.az\/index.php?rest_route=%2Fwp%2Fv2%2Ftags&post=62588"}],"curies":[{"name":"wp","href":"https:\/\/api.w.org\/{rel}","templated":true}]}}