{"id":62585,"date":"2026-09-01T09:36:01","date_gmt":"2026-09-01T05:36:01","guid":{"rendered":"https:\/\/mecra.az\/?p=62585"},"modified":"2026-09-01T09:36:01","modified_gmt":"2026-09-01T05:36:01","slug":"japarov-sammit-istirakcilarini-qarsilayir-canli","status":"publish","type":"post","link":"https:\/\/mecra.az\/?p=62585","title":{"rendered":"Japarov sammit i\u015ftirak\u00e7\u0131lar\u0131n\u0131 qar\u015f\u0131lay\u0131r &#8211; <span class=\"mecra-highlight\" style=\"color:#ff0000;\">Canl\u0131<\/span>"},"content":{"rendered":"<div class=\"panel-body news_text\">\n<div class=\"panel-body news_text\">\n<p><strong>Bi\u015fkekd\u0259 \u015eanxay \u018fm\u0259kda\u015fl\u0131q T\u0259\u015fkilat\u0131n\u0131n (\u015e\u018fT) sammitind\u0259 i\u015ftirak ed\u0259n d\u00f6vl\u0259t v\u0259 h\u00f6kum\u0259t ba\u015f\u00e7\u0131lar\u0131n\u0131n qar\u015f\u0131lanma m\u0259rasimi ba\u015flay\u0131b.<\/strong><\/p>\n<p><a href=\"http:\/\/Mecra.az\"><strong>Mecra.az<\/strong> <\/a>APA-ya istinad\u0259n x\u0259b\u0259r verir ki, Q\u0131r\u011f\u0131z Respublikas\u0131n\u0131n Prezidenti Sad\u0131r Japarov sammit i\u015ftirak\u00e7\u0131lar\u0131n\u0131 \u201cYrys Ordo\u201d Konqres M\u0259rk\u0259zind\u0259 qar\u015f\u0131lay\u0131r.<\/p>\n<p>M\u0259rasimd\u0259n sonra \u015e\u018fT-\u0259 \u00fczv \u00f6lk\u0259l\u0259rin D\u00f6vl\u0259t Ba\u015f\u00e7\u0131lar\u0131 \u015euras\u0131n\u0131n n\u00f6vb\u0259ti iclas\u0131 v\u0259 \u201c\u015e\u018fT plyus\u201d format\u0131nda g\u00f6r\u00fc\u015f ke\u00e7iril\u0259c\u0259k.<\/p>\n<p><iframe loading=\"lazy\" title=\"SCO Summit 2026 LIVE: World Leaders Arrive At Summit Venue In Bishkek | PM Modi |Putin | China |Iran\" src=\"https:\/\/www.youtube.com\/embed\/JFrfwFKailI\" width=\"637\" height=\"400\" frameborder=\"0\" allowfullscreen=\"allowfullscreen\" data-mce-fragment=\"1\"><\/iframe><\/p>\n<div><\/div>\n<\/div>\n<\/div>\n","protected":false},"excerpt":{"rendered":"<p>Bi\u015fkekd\u0259 \u015eanxay \u018fm\u0259kda\u015fl\u0131q T\u0259\u015fkilat\u0131n\u0131n (\u015e\u018fT) sammitind\u0259 i\u015ftirak ed\u0259n d\u00f6vl\u0259t v\u0259 h\u00f6kum\u0259t ba\u015f\u00e7\u0131lar\u0131n\u0131n qar\u015f\u0131lanma m\u0259rasimi ba\u015flay\u0131b. Mecra.az APA-ya istinad\u0259n x\u0259b\u0259r verir ki, Q\u0131r\u011f\u0131z Respublikas\u0131n\u0131n Prezidenti Sad\u0131r Japarov sammit i\u015ftirak\u00e7\u0131lar\u0131n\u0131 \u201cYrys Ordo\u201d&hellip; <\/p>\n","protected":false},"author":1,"featured_media":62586,"comment_status":"open","ping_status":"open","sticky":false,"template":"","format":"standard","meta":{"footnotes":""},"categories":[49],"tags":[],"class_list":["post-62585","post","type-post","status-publish","format-standard","has-post-thumbnail","hentry","category-siyast"],"_links":{"self":[{"href":"https:\/\/mecra.az\/index.php?rest_route=\/wp\/v2\/posts\/62585","targetHints":{"allow":["GET"]}}],"collection":[{"href":"https:\/\/mecra.az\/index.php?rest_route=\/wp\/v2\/posts"}],"about":[{"href":"https:\/\/mecra.az\/index.php?rest_route=\/wp\/v2\/types\/post"}],"author":[{"embeddable":true,"href":"https:\/\/mecra.az\/index.php?rest_route=\/wp\/v2\/users\/1"}],"replies":[{"embeddable":true,"href":"https:\/\/mecra.az\/index.php?rest_route=%2Fwp%2Fv2%2Fcomments&post=62585"}],"version-history":[{"count":1,"href":"https:\/\/mecra.az\/index.php?rest_route=\/wp\/v2\/posts\/62585\/revisions"}],"predecessor-version":[{"id":62587,"href":"https:\/\/mecra.az\/index.php?rest_route=\/wp\/v2\/posts\/62585\/revisions\/62587"}],"wp:featuredmedia":[{"embeddable":true,"href":"https:\/\/mecra.az\/index.php?rest_route=\/wp\/v2\/media\/62586"}],"wp:attachment":[{"href":"https:\/\/mecra.az\/index.php?rest_route=%2Fwp%2Fv2%2Fmedia&parent=62585"}],"wp:term":[{"taxonomy":"category","embeddable":true,"href":"https:\/\/mecra.az\/index.php?rest_route=%2Fwp%2Fv2%2Fcategories&post=62585"},{"taxonomy":"post_tag","embeddable":true,"href":"https:\/\/mecra.az\/index.php?rest_route=%2Fwp%2Fv2%2Ftags&post=62585"}],"curies":[{"name":"wp","href":"https:\/\/api.w.org\/{rel}","templated":true}]}}