{"id":62573,"date":"2026-09-01T00:08:33","date_gmt":"2026-08-31T20:08:33","guid":{"rendered":"https:\/\/mecra.az\/?p=62573"},"modified":"2026-09-01T00:08:33","modified_gmt":"2026-08-31T20:08:33","slug":"prezident-putinl%c9%99-ayaqustu-sohb%c9%99t-etdi-fotolar","status":"publish","type":"post","link":"https:\/\/mecra.az\/?p=62573","title":{"rendered":"Prezident Putinl\u0259 ayaq\u00fcst\u00fc s\u00f6hb\u0259t etdi &#8211; <span class=\"mecra-highlight\" style=\"color:#ff0000;\">FOTOLAR<\/span>"},"content":{"rendered":"<div class=\"panel-body news_text\">\n<p><strong>Bi\u015fkekd\u0259 s\u0259f\u0259rd\u0259 olan Prezident\u00a0\u0130lham \u018fliyev v\u0259 birinci vitse-prezident Mehriban \u018fliyeva BMT-nin Ba\u015f katibi Antonio Quterre\u015f, Rusiya Prezidenti Vladimir Putin, Tacikistan Prezidenti Emom\u0259li Rahmon v\u0259 Pakistan\u0131n Ba\u015f naziri \u015eahbaz \u015e\u0259rifl\u0259 ayaq\u00fcst\u00fc s\u00f6hb\u0259t edib.\u00a0<\/strong><\/p>\n<p><a href=\"http:\/\/Mecra.az\"><strong>Mecra.az<\/strong><\/a> h\u0259min an lent\u0259 al\u0131nm\u0131\u015f fotolar\u0131 t\u0259qdim edir:<\/p>\n<div><img decoding=\"async\" class=\"img-responsive\" title=\"\" src=\"https:\/\/qafqazinfo.az\/uploads\/1788188816\/WhatsApp_Image_2026-08-31_at_18.56.31__3_.jpeg\" alt=\"\" \/><br \/>\n<img decoding=\"async\" class=\"img-responsive\" title=\"\" src=\"https:\/\/qafqazinfo.az\/uploads\/1788188816\/WhatsApp_Image_2026-08-31_at_18.56.30__1_.jpeg\" alt=\"\" \/><br \/>\n<img decoding=\"async\" class=\"img-responsive\" title=\"\" src=\"https:\/\/qafqazinfo.az\/uploads\/1788188816\/WhatsApp_Image_2026-08-31_at_18.56.30__2_.jpeg\" alt=\"\" \/><br \/>\n<img decoding=\"async\" class=\"img-responsive\" title=\"\" src=\"https:\/\/qafqazinfo.az\/uploads\/1788188816\/WhatsApp_Image_2026-08-31_at_18.56.30__3_.jpeg\" alt=\"\" \/><br \/>\n<img decoding=\"async\" class=\"img-responsive\" title=\"\" src=\"https:\/\/qafqazinfo.az\/uploads\/1788188816\/WhatsApp_Image_2026-08-31_at_18.56.31__1_.jpeg\" alt=\"\" \/><br \/>\n<img decoding=\"async\" class=\"img-responsive\" title=\"\" src=\"https:\/\/qafqazinfo.az\/uploads\/1788188816\/WhatsApp_Image_2026-08-31_at_18.56.31__2_.jpeg\" alt=\"\" \/><br \/>\n<img decoding=\"async\" class=\"img-responsive\" title=\"\" src=\"https:\/\/qafqazinfo.az\/uploads\/1788188816\/WhatsApp_Image_2026-08-31_at_18.56.31.jpeg\" alt=\"\" \/><\/div>\n<div><\/div>\n<\/div>\n","protected":false},"excerpt":{"rendered":"<p>Bi\u015fkekd\u0259 s\u0259f\u0259rd\u0259 olan Prezident\u00a0\u0130lham \u018fliyev v\u0259 birinci vitse-prezident Mehriban \u018fliyeva BMT-nin Ba\u015f katibi Antonio Quterre\u015f, Rusiya Prezidenti Vladimir Putin, Tacikistan Prezidenti Emom\u0259li Rahmon v\u0259 Pakistan\u0131n Ba\u015f naziri \u015eahbaz \u015e\u0259rifl\u0259 ayaq\u00fcst\u00fc&hellip; <\/p>\n","protected":false},"author":1,"featured_media":62574,"comment_status":"open","ping_status":"open","sticky":false,"template":"","format":"standard","meta":{"footnotes":""},"categories":[1],"tags":[],"class_list":["post-62573","post","type-post","status-publish","format-standard","has-post-thumbnail","hentry","category-manset"],"_links":{"self":[{"href":"https:\/\/mecra.az\/index.php?rest_route=\/wp\/v2\/posts\/62573","targetHints":{"allow":["GET"]}}],"collection":[{"href":"https:\/\/mecra.az\/index.php?rest_route=\/wp\/v2\/posts"}],"about":[{"href":"https:\/\/mecra.az\/index.php?rest_route=\/wp\/v2\/types\/post"}],"author":[{"embeddable":true,"href":"https:\/\/mecra.az\/index.php?rest_route=\/wp\/v2\/users\/1"}],"replies":[{"embeddable":true,"href":"https:\/\/mecra.az\/index.php?rest_route=%2Fwp%2Fv2%2Fcomments&post=62573"}],"version-history":[{"count":1,"href":"https:\/\/mecra.az\/index.php?rest_route=\/wp\/v2\/posts\/62573\/revisions"}],"predecessor-version":[{"id":62575,"href":"https:\/\/mecra.az\/index.php?rest_route=\/wp\/v2\/posts\/62573\/revisions\/62575"}],"wp:featuredmedia":[{"embeddable":true,"href":"https:\/\/mecra.az\/index.php?rest_route=\/wp\/v2\/media\/62574"}],"wp:attachment":[{"href":"https:\/\/mecra.az\/index.php?rest_route=%2Fwp%2Fv2%2Fmedia&parent=62573"}],"wp:term":[{"taxonomy":"category","embeddable":true,"href":"https:\/\/mecra.az\/index.php?rest_route=%2Fwp%2Fv2%2Fcategories&post=62573"},{"taxonomy":"post_tag","embeddable":true,"href":"https:\/\/mecra.az\/index.php?rest_route=%2Fwp%2Fv2%2Ftags&post=62573"}],"curies":[{"name":"wp","href":"https:\/\/api.w.org\/{rel}","templated":true}]}}