{"id":62565,"date":"2026-08-31T23:34:58","date_gmt":"2026-08-31T19:34:58","guid":{"rendered":"https:\/\/mecra.az\/?p=62565"},"modified":"2026-08-31T23:34:58","modified_gmt":"2026-08-31T19:34:58","slug":"fhn-%c9%99haliy%c9%99-muraci%c9%99t-etdi","status":"publish","type":"post","link":"https:\/\/mecra.az\/?p=62565","title":{"rendered":"FHN \u0259haliy\u0259 m\u00fcraci\u0259t <span class=\"mecra-highlight\" style=\"color:#ff0000;\">etdi<\/span>"},"content":{"rendered":"<div class=\"panel-body news_text\">\n<p><strong>F\u00f6vq\u0259lad\u0259 Hallar Nazirliyinin haz\u0131rda m\u00fc\u015fahid\u0259 olunan qeyri-sabit hava \u015f\u0259raiti il\u0259 \u0259laq\u0259dar \u0259haliy\u0259 m\u00fcraci\u0259t \u00fcnvanlay\u0131b.<\/strong><\/p>\n<p><a href=\"http:\/\/Mecra.az\"><strong>Mecra.az<\/strong><\/a> m\u00fcraci\u0259ti t\u0259qdim edir:<\/p>\n<p><strong>\u201c<\/strong>\u018fvv\u0259lc\u0259d\u0259n x\u0259b\u0259rdarl\u0131q edildiyi kimi, haz\u0131rda \u00f6lk\u0259 \u0259razisind\u0259 qeyri-sabit hava \u015f\u0259raiti m\u00fc\u015fahid\u0259 olunur, o c\u00fcml\u0259d\u0259n ayr\u0131-ayr\u0131 yerl\u0259rd\u0259 intensiv ya\u011f\u0131\u015f ya\u011f\u0131r, arabir g\u00fccl\u0259n\u0259n k\u00fcl\u0259k \u0259sir v\u0259 \u015fim\u015f\u0259k \u00e7ax\u0131r. Bel\u0259 hava \u015f\u0259raitinin sabahad\u0259k davam ed\u0259c\u0259yi proqnozla\u015fd\u0131r\u0131l\u0131r.<\/p>\n<p>Qeyd olunanlar\u0131 n\u0259z\u0259r\u0259 alaraq, F\u00f6vq\u0259lad\u0259 Hallar Nazirliyi bir daha \u0259haliy\u0259 m\u00fcraci\u0259t ed\u0259r\u0259k m\u00fcvafiq t\u0259hl\u00fck\u0259sizlik qaydalar\u0131n\u0131 t\u0259krar xat\u0131rlad\u0131r.<\/p>\n<p>Bel\u0259 ki, intensiv ya\u011f\u0131nt\u0131larla \u0259laq\u0259dar b\u0259zi \u00e7aylarda m\u00fcmk\u00fcn sel v\u0259 da\u015fq\u0131ndan, habel\u0259 subasmadan qorunmaq \u00fc\u00e7\u00fcn t\u0259hl\u00fck\u0259li \u0259razil\u0259rd\u0259n uzaq durmaq, bel\u0259 t\u0259hl\u00fck\u0259 il\u0259 \u00fczl\u0259\u015fdikd\u0259 d\u0259rhal yax\u0131nl\u0131qdak\u0131 y\u00fcks\u0259kliy\u0259 qalxmaq, xilasedicil\u0259rin \u00e7a\u011f\u0131r\u0131\u015f v\u0259 t\u00f6vsiy\u0259l\u0259rin\u0259 s\u00f6zs\u00fcz \u0259m\u0259l etm\u0259k laz\u0131md\u0131r.<\/p>\n<p>Bundan \u0259lav\u0259, g\u00fccl\u00fc k\u00fcl\u0259k zaman\u0131 y\u00fcng\u00fcl konstruksiyal\u0131 v\u0259 m\u00fcv\u0259qq\u0259ti tikilil\u0259rd\u0259n, bina v\u0259 reklam l\u00f6vh\u0259l\u0259rind\u0259n uzaq durmaq, elektrik dir\u0259yi v\u0259 naqill\u0259rinin, h\u00fcnd\u00fcr a\u011faclar\u0131n alt\u0131nda dayanmamaq t\u00f6vsiy\u0259 olunur.<\/p>\n<p>El\u0259c\u0259 d\u0259 ki\u00e7ikh\u0259cmli g\u0259mi istifad\u0259\u00e7il\u0259ri bel\u0259 hava \u015f\u0259raitind\u0259 d\u0259niz\u0259 \u00e7\u0131xma\u011f\u0131n qada\u011fan oldu\u011funu n\u0259z\u0259r\u0259 almal\u0131d\u0131rlar.<\/p>\n<p>H\u0259m\u00e7inin, ild\u0131r\u0131mla ba\u011fl\u0131 t\u0259hl\u00fck\u0259l\u0259rd\u0259n qorunmaq \u00fc\u00e7\u00fcn ild\u0131r\u0131m \u00e7axark\u0259n elektrik cihazlar\u0131n\u0131 \u015f\u0259b\u0259k\u0259d\u0259n ay\u0131rmaq, telefonla (sabit \u015f\u0259b\u0259k\u0259, mobil, taksofon v\u0259 s.) dan\u0131\u015fmamaq, a\u00e7\u0131q havada olark\u0259n elektrik x\u0259tti, ild\u0131r\u0131m \u00f6t\u00fcr\u00fcc\u00fcs\u00fc, naval\u00e7a v\u0259 antenaya yax\u0131nla\u015fmamaq, h\u00fcnd\u00fcr a\u011faclar\u0131n alt\u0131nda daldalanmamaq, avtomobild\u0259 olduqda is\u0259 h\u0259r\u0259k\u0259ti dayand\u0131raraq \u015f\u00fc\u015f\u0259l\u0259ri qald\u0131r\u0131b ild\u0131r\u0131m\u0131n bitm\u0259sini g\u00f6zl\u0259m\u0259k t\u00f6vsiy\u0259 edilib.<\/p>\n<p>Unutmay\u0131n: Qaydalara bigan\u0259lik \u2013 h\u0259yat\u0131m\u0131za t\u0259hl\u00fck\u0259dir!<\/p>\n<p>T\u0259hl\u00fck\u0259 zaman\u0131 112-y\u0259 z\u0259ng edin!\u201d<\/p>\n<p>&nbsp;<\/p>\n<div><\/div>\n<div><\/div>\n<div><\/div>\n<\/div>\n<div class=\"social-buttons\"><\/div>\n","protected":false},"excerpt":{"rendered":"<p>F\u00f6vq\u0259lad\u0259 Hallar Nazirliyinin haz\u0131rda m\u00fc\u015fahid\u0259 olunan qeyri-sabit hava \u015f\u0259raiti il\u0259 \u0259laq\u0259dar \u0259haliy\u0259 m\u00fcraci\u0259t \u00fcnvanlay\u0131b. Mecra.az m\u00fcraci\u0259ti t\u0259qdim edir: \u201c\u018fvv\u0259lc\u0259d\u0259n x\u0259b\u0259rdarl\u0131q edildiyi kimi, haz\u0131rda \u00f6lk\u0259 \u0259razisind\u0259 qeyri-sabit hava \u015f\u0259raiti m\u00fc\u015fahid\u0259 olunur,&hellip; <\/p>\n","protected":false},"author":1,"featured_media":59776,"comment_status":"open","ping_status":"open","sticky":false,"template":"","format":"standard","meta":{"footnotes":""},"categories":[72],"tags":[],"class_list":["post-62565","post","type-post","status-publish","format-standard","has-post-thumbnail","hentry","category-olk"],"_links":{"self":[{"href":"https:\/\/mecra.az\/index.php?rest_route=\/wp\/v2\/posts\/62565","targetHints":{"allow":["GET"]}}],"collection":[{"href":"https:\/\/mecra.az\/index.php?rest_route=\/wp\/v2\/posts"}],"about":[{"href":"https:\/\/mecra.az\/index.php?rest_route=\/wp\/v2\/types\/post"}],"author":[{"embeddable":true,"href":"https:\/\/mecra.az\/index.php?rest_route=\/wp\/v2\/users\/1"}],"replies":[{"embeddable":true,"href":"https:\/\/mecra.az\/index.php?rest_route=%2Fwp%2Fv2%2Fcomments&post=62565"}],"version-history":[{"count":1,"href":"https:\/\/mecra.az\/index.php?rest_route=\/wp\/v2\/posts\/62565\/revisions"}],"predecessor-version":[{"id":62566,"href":"https:\/\/mecra.az\/index.php?rest_route=\/wp\/v2\/posts\/62565\/revisions\/62566"}],"wp:featuredmedia":[{"embeddable":true,"href":"https:\/\/mecra.az\/index.php?rest_route=\/wp\/v2\/media\/59776"}],"wp:attachment":[{"href":"https:\/\/mecra.az\/index.php?rest_route=%2Fwp%2Fv2%2Fmedia&parent=62565"}],"wp:term":[{"taxonomy":"category","embeddable":true,"href":"https:\/\/mecra.az\/index.php?rest_route=%2Fwp%2Fv2%2Fcategories&post=62565"},{"taxonomy":"post_tag","embeddable":true,"href":"https:\/\/mecra.az\/index.php?rest_route=%2Fwp%2Fv2%2Ftags&post=62565"}],"curies":[{"name":"wp","href":"https:\/\/api.w.org\/{rel}","templated":true}]}}