{"id":62553,"date":"2026-08-31T17:41:02","date_gmt":"2026-08-31T13:41:02","guid":{"rendered":"https:\/\/mecra.az\/?p=62553"},"modified":"2026-08-31T19:42:47","modified_gmt":"2026-08-31T15:42:47","slug":"eliyevl%c9%99-pezeskianin-gorusu-oldu-fotolarvideo-yenil%c9%99nib","status":"publish","type":"post","link":"https:\/\/mecra.az\/?p=62553","title":{"rendered":"\u018fliyevl\u0259 Peze\u015fkian\u0131n g\u00f6r\u00fc\u015f\u00fc oldu &#8211; Fotolar+Video-<span class=\"mecra-highlight\" style=\"color:#ff0000;\">Yenil\u0259nib<\/span>"},"content":{"rendered":"<div class=\"panel-body news_text\">\n<p><strong>Az\u0259rbaycan Prezidenti \u0130lham \u018fliyevl\u0259 \u0130ran Prezidenti M\u0259sud Peze\u015fkian aras\u0131nda g\u00f6r\u00fc\u015f ke\u00e7irilib.<\/strong><\/p>\n<p>\u201cQafqazinfo\u201d x\u0259b\u0259r verir ki, g\u00f6r\u00fc\u015f Q\u0131r\u011f\u0131z\u0131stan\u0131n paytaxt\u0131 Bi\u015fkek \u015f\u0259h\u0259rind\u0259 t\u0259\u015fkil edilib.<\/p>\n<p>***<\/p>\n<p><strong>M\u0259sud Peze\u015fkian d\u00f6vl\u0259t ba\u015f\u00e7\u0131s\u0131 il\u0259 g\u00f6r\u00fc\u015fl\u0259rini v\u0259 telefon dan\u0131\u015f\u0131qlar\u0131n\u0131 m\u0259mnunluqla xat\u0131rlad\u0131, \u0130ran\u0131n \u00fczl\u0259\u015fdiyi bu \u00e7\u0259tin v\u0259ziyy\u0259td\u0259 Prezident \u0130lham \u018fliyevin m\u00f6vqeyinin, n\u00fcmayi\u015f etdirdiyi d\u0259st\u0259yin, verdiyi ba\u015fsa\u011fl\u0131\u011f\u0131n\u0131n, h\u0259m\u00e7inin Az\u0259rbaycan t\u0259r\u0259find\u0259n g\u00f6st\u0259ril\u0259n humanitar yard\u0131m\u0131n \u0130ran d\u00f6vl\u0259ti v\u0259 xalq\u0131 t\u0259r\u0259find\u0259n \u00e7ox y\u00fcks\u0259k qiym\u0259tl\u0259ndirildiyini vur\u011fulad\u0131, b\u00fct\u00fcn bunlara g\u00f6r\u0259 bir daha minn\u0259tdarl\u0131\u011f\u0131n\u0131 bildirdi.<\/strong><\/p>\n<p>\u018flaq\u0259l\u0259rimizin inki\u015faf etdirilm\u0259si \u00fc\u00e7\u00fcn \u00e7ox yax\u015f\u0131 imkanlar\u0131n oldu\u011funu dey\u0259n \u0130ran Prezidenti Az\u0259rbaycanla b\u00fct\u00fcn sah\u0259l\u0259rd\u0259 m\u00fcnasib\u0259tl\u0259ri geni\u015fl\u0259ndirm\u0259kd\u0259 maraql\u0131 olduqlar\u0131n\u0131 qeyd etdi.<\/p>\n<p>M\u0259sud Peze\u015fkian \u00f6lk\u0259l\u0259rimiz aras\u0131nda \u0259laq\u0259l\u0259rin qarda\u015fl\u0131q v\u0259 dostluq xarakteri da\u015f\u0131d\u0131\u011f\u0131n\u0131 vur\u011fulayaraq, \u0130ran\u0131n b\u00fct\u00fcn qon\u015fu \u00f6lk\u0259l\u0259rl\u0259 yax\u015f\u0131 m\u00fcnasib\u0259tl\u0259r\u0259 malik olmaq niyy\u0259tind\u0259 oldu\u011funu dedi.<\/p>\n<p>D\u00f6vl\u0259t ba\u015f\u00e7\u0131s\u0131 da \u00f6z n\u00f6vb\u0259sind\u0259 \u0130ran\u0131n \u00fczl\u0259\u015fdiyi bu \u015f\u0259raitd\u0259 Az\u0259rbaycan\u0131n yard\u0131m\u0131n\u0131n qarda\u015fl\u0131q n\u00fcmun\u0259si oldu\u011funu vur\u011fulad\u0131.<\/p>\n<p>Prezident \u0130lham \u018fliyev dedi ki, \u00f6lk\u0259miz \u0130ranla ba\u011fl\u0131 yaranm\u0131\u015f v\u0259ziyy\u0259tin s\u00fclh v\u0259 dan\u0131\u015f\u0131qlar yolu il\u0259 h\u0259llinin t\u0259r\u0259fdar\u0131d\u0131r.<\/p>\n<p>S\u00f6hb\u0259t zaman\u0131 Az\u0259rbaycanla \u0130ran aras\u0131nda \u0259m\u0259kda\u015fl\u0131\u011f\u0131n m\u00fcxt\u0259lif sah\u0259l\u0259rd\u0259 inki\u015faf perspektivl\u0259rin\u0259 dair fikir m\u00fcbadil\u0259si apar\u0131ld\u0131.<\/p>\n<p><iframe loading=\"lazy\" src=\"https:\/\/qafqazinfo.bax.tv\/embed\/226438.html?utm_source=playerden&amp;utm_medium=paylasim&amp;utm_campaign=son-xeberler\" width=\"100%\" height=\"480\" frameborder=\"0\" allowfullscreen=\"allowfullscreen\" data-mce-fragment=\"1\"><\/iframe><\/p>\n<p>&nbsp;<\/p>\n<div><\/div>\n<div><img decoding=\"async\" class=\"img-responsive\" title=\"\" src=\"https:\/\/qafqazinfo.az\/uploads\/1788183121\/pr1.jpg\" alt=\"\" \/><br \/>\n<img decoding=\"async\" class=\"img-responsive\" title=\"\" src=\"https:\/\/qafqazinfo.az\/uploads\/1788183121\/pr2.jpg\" alt=\"\" \/><br \/>\n<img decoding=\"async\" class=\"img-responsive\" title=\"\" src=\"https:\/\/qafqazinfo.az\/uploads\/1788183821\/prez1.jpg\" alt=\"\" \/><br \/>\n<img decoding=\"async\" class=\"img-responsive\" title=\"\" src=\"https:\/\/qafqazinfo.az\/uploads\/1788183121\/pr4.jpg\" alt=\"\" \/><br \/>\n<img decoding=\"async\" class=\"img-responsive\" title=\"\" src=\"https:\/\/qafqazinfo.az\/uploads\/1788183121\/pr5.jpg\" alt=\"\" \/><br \/>\n<img decoding=\"async\" class=\"img-responsive\" title=\"\" src=\"https:\/\/qafqazinfo.az\/uploads\/1788183121\/pr6.jpg\" alt=\"\" \/><br \/>\n<img decoding=\"async\" class=\"img-responsive\" title=\"\" src=\"https:\/\/qafqazinfo.az\/uploads\/1788183121\/pr7.jpg\" alt=\"\" \/><br \/>\n<img decoding=\"async\" class=\"img-responsive\" title=\"\" src=\"https:\/\/qafqazinfo.az\/uploads\/1788183121\/pr8.jpg\" alt=\"\" \/><\/div>\n<\/div>\n<div class=\"social-buttons\"><\/div>\n","protected":false},"excerpt":{"rendered":"<p>Az\u0259rbaycan Prezidenti \u0130lham \u018fliyevl\u0259 \u0130ran Prezidenti M\u0259sud Peze\u015fkian aras\u0131nda g\u00f6r\u00fc\u015f ke\u00e7irilib. \u201cQafqazinfo\u201d x\u0259b\u0259r verir ki, g\u00f6r\u00fc\u015f Q\u0131r\u011f\u0131z\u0131stan\u0131n paytaxt\u0131 Bi\u015fkek \u015f\u0259h\u0259rind\u0259 t\u0259\u015fkil edilib. *** M\u0259sud Peze\u015fkian d\u00f6vl\u0259t ba\u015f\u00e7\u0131s\u0131 il\u0259 g\u00f6r\u00fc\u015fl\u0259rini v\u0259&hellip; <\/p>\n","protected":false},"author":1,"featured_media":62554,"comment_status":"open","ping_status":"open","sticky":false,"template":"","format":"standard","meta":{"footnotes":""},"categories":[1],"tags":[],"class_list":["post-62553","post","type-post","status-publish","format-standard","has-post-thumbnail","hentry","category-manset"],"_links":{"self":[{"href":"https:\/\/mecra.az\/index.php?rest_route=\/wp\/v2\/posts\/62553","targetHints":{"allow":["GET"]}}],"collection":[{"href":"https:\/\/mecra.az\/index.php?rest_route=\/wp\/v2\/posts"}],"about":[{"href":"https:\/\/mecra.az\/index.php?rest_route=\/wp\/v2\/types\/post"}],"author":[{"embeddable":true,"href":"https:\/\/mecra.az\/index.php?rest_route=\/wp\/v2\/users\/1"}],"replies":[{"embeddable":true,"href":"https:\/\/mecra.az\/index.php?rest_route=%2Fwp%2Fv2%2Fcomments&post=62553"}],"version-history":[{"count":1,"href":"https:\/\/mecra.az\/index.php?rest_route=\/wp\/v2\/posts\/62553\/revisions"}],"predecessor-version":[{"id":62555,"href":"https:\/\/mecra.az\/index.php?rest_route=\/wp\/v2\/posts\/62553\/revisions\/62555"}],"wp:featuredmedia":[{"embeddable":true,"href":"https:\/\/mecra.az\/index.php?rest_route=\/wp\/v2\/media\/62554"}],"wp:attachment":[{"href":"https:\/\/mecra.az\/index.php?rest_route=%2Fwp%2Fv2%2Fmedia&parent=62553"}],"wp:term":[{"taxonomy":"category","embeddable":true,"href":"https:\/\/mecra.az\/index.php?rest_route=%2Fwp%2Fv2%2Fcategories&post=62553"},{"taxonomy":"post_tag","embeddable":true,"href":"https:\/\/mecra.az\/index.php?rest_route=%2Fwp%2Fv2%2Ftags&post=62553"}],"curies":[{"name":"wp","href":"https:\/\/api.w.org\/{rel}","templated":true}]}}