{"id":62540,"date":"2026-08-31T15:42:39","date_gmt":"2026-08-31T11:42:39","guid":{"rendered":"https:\/\/mecra.az\/?p=62540"},"modified":"2026-08-31T15:47:51","modified_gmt":"2026-08-31T11:47:51","slug":"az%c9%99rbaycan-v%c9%99-qazaxistan-prezidentl%c9%99rinin-biskekd%c9%99-gorusdu-fotolar","status":"publish","type":"post","link":"https:\/\/mecra.az\/?p=62540","title":{"rendered":"Az\u0259rbaycan v\u0259 Qazax\u0131stan prezidentl\u0259ri Bi\u015fkekd\u0259 g\u00f6r\u00fc\u015fd\u00fc &#8211; <span class=\"mecra-highlight\" style=\"color:#ff0000;\">FOTOLAR<\/span>"},"content":{"rendered":"<p>Avqustun 31-d\u0259 Q\u0131r\u011f\u0131z\u0131stan\u0131n paytaxt\u0131 Bi\u015fkek \u015f\u0259h\u0259rind\u0259 Az\u0259rbaycan Respublikas\u0131n\u0131n Prezidenti\u00a0<strong>\u0130lham \u018fliyevin<\/strong>\u00a0Qazax\u0131stan Respublikas\u0131n\u0131n Prezidenti Kas\u0131m-Jomart Tokayev il\u0259 g\u00f6r\u00fc\u015f\u00fc ke\u00e7irilib.<\/p>\n<p><a href=\"http:\/\/Mecra.az\"><strong>Mecra.az<\/strong>\u00a0<\/a>bununla ba\u011fl\u0131\u00a0<a href=\"https:\/\/azertag.az\/xeber\/azerbaycan_prezidenti_ilham_aliyevin_biskekde_qazaxistan_prezidenti_ile_gorusu_olub__yenilenecek-4390213\" target=\"_blank\" rel=\"nofollow noopener\">AZ\u018fRTAC<\/a>-a istinad\u0259n x\u0259b\u0259r verir.<\/p>\n<div id=\"audio-358388\" class=\"audio-block\" data-url=\"https:\/\/audio.oxu.az\/358388.mp3?v=1788176221\">\n<div class=\"vcs-audio-player\">\n<div class=\"vcs-left\">\n<div class=\"vcs-time\"><\/div>\n<\/div>\n<\/div>\n<\/div>\n<p><strong><time data-renew=\"1788174540\">15:09<\/time><\/strong><\/p>\n<p>Q\u0131r\u011f\u0131z\u0131stan\u0131n paytaxt\u0131 Bi\u015fkek \u015f\u0259h\u0259rind\u0259 Az\u0259rbaycan Respublikas\u0131n\u0131n Prezidenti\u00a0<strong>\u0130lham \u018fliyevin<\/strong>\u00a0Qazax\u0131stan Respublikas\u0131n\u0131n Prezidenti Kas\u0131m-Jomart Tokayev il\u0259 g\u00f6r\u00fc\u015f\u00fc ke\u00e7irilir.<\/p>\n<p><a href=\"http:\/\/Mecra.az\"><b>Mecra.az<\/b><\/a> bununla ba\u011fl\u0131\u00a0<a href=\"https:\/\/azertag.az\/xeber\/azerbaycan_prezidenti_ilham_aliyevin_biskekde_qazaxistan_prezidenti_ile_gorusu_kechirilir__yenilenecek-4390213\" target=\"_blank\" rel=\"nofollow noopener\">AZ\u018fRTAC<\/a>-a istinad\u0259n x\u0259b\u0259r verir.<\/p>\n<p><img decoding=\"async\" src=\"https:\/\/images.oxu.az\/2026\/08\/31\/ce1IET0wG9C42JJQ8dGA1uVE7rlAvqDKG9biRw4D:640.jpg\" alt=\"Az\u0259rbaycan v\u0259 Qazax\u0131stan prezidentl\u0259rinin Bi\u015fkekd\u0259 g\u00f6r\u00fc\u015f\u00fc olub - FOTO\" \/><\/p>\n<p><img decoding=\"async\" src=\"https:\/\/images.oxu.az\/2026\/08\/31\/X69kWoWd7z9LqZjmoL19W4xcD5GtVxYjpvHErC5M:640.jpg\" alt=\"Az\u0259rbaycan v\u0259 Qazax\u0131stan prezidentl\u0259rinin Bi\u015fkekd\u0259 g\u00f6r\u00fc\u015f\u00fc olub - FOTO\" \/><\/p>\n<p><img decoding=\"async\" src=\"https:\/\/images.oxu.az\/2026\/08\/31\/44KRwlOn6N2dzqmfaMIRL5ycvgYrOLiCOkvI4kUc:640.jpg\" alt=\"Az\u0259rbaycan v\u0259 Qazax\u0131stan prezidentl\u0259rinin Bi\u015fkekd\u0259 g\u00f6r\u00fc\u015f\u00fc olub - FOTO\" \/><\/p>\n<p><img decoding=\"async\" src=\"https:\/\/images.oxu.az\/2026\/08\/31\/w7G6iiJexxcsWPprJTx6KZ81capY3xFN0WtNNY90:640.jpg\" alt=\"Az\u0259rbaycan v\u0259 Qazax\u0131stan prezidentl\u0259rinin Bi\u015fkekd\u0259 g\u00f6r\u00fc\u015f\u00fc olub - FOTO\" \/><\/p>\n<p><img decoding=\"async\" src=\"https:\/\/images.oxu.az\/2026\/08\/31\/wBkUhdF8ptX6sGqFbUyvrhZqBdkMvV25H8RMoHeM:640.jpg\" alt=\"Az\u0259rbaycan v\u0259 Qazax\u0131stan prezidentl\u0259rinin Bi\u015fkekd\u0259 g\u00f6r\u00fc\u015f\u00fc olub - FOTO\" \/><\/p>\n","protected":false},"excerpt":{"rendered":"<p>Avqustun 31-d\u0259 Q\u0131r\u011f\u0131z\u0131stan\u0131n paytaxt\u0131 Bi\u015fkek \u015f\u0259h\u0259rind\u0259 Az\u0259rbaycan Respublikas\u0131n\u0131n Prezidenti\u00a0\u0130lham \u018fliyevin\u00a0Qazax\u0131stan Respublikas\u0131n\u0131n Prezidenti Kas\u0131m-Jomart Tokayev il\u0259 g\u00f6r\u00fc\u015f\u00fc ke\u00e7irilib. Mecra.az\u00a0bununla ba\u011fl\u0131\u00a0AZ\u018fRTAC-a istinad\u0259n x\u0259b\u0259r verir. 15:09 Q\u0131r\u011f\u0131z\u0131stan\u0131n paytaxt\u0131 Bi\u015fkek \u015f\u0259h\u0259rind\u0259 Az\u0259rbaycan Respublikas\u0131n\u0131n Prezidenti\u00a0\u0130lham&hellip; <\/p>\n","protected":false},"author":1,"featured_media":62541,"comment_status":"open","ping_status":"open","sticky":false,"template":"","format":"standard","meta":{"footnotes":""},"categories":[1],"tags":[],"class_list":["post-62540","post","type-post","status-publish","format-standard","has-post-thumbnail","hentry","category-manset"],"_links":{"self":[{"href":"https:\/\/mecra.az\/index.php?rest_route=\/wp\/v2\/posts\/62540","targetHints":{"allow":["GET"]}}],"collection":[{"href":"https:\/\/mecra.az\/index.php?rest_route=\/wp\/v2\/posts"}],"about":[{"href":"https:\/\/mecra.az\/index.php?rest_route=\/wp\/v2\/types\/post"}],"author":[{"embeddable":true,"href":"https:\/\/mecra.az\/index.php?rest_route=\/wp\/v2\/users\/1"}],"replies":[{"embeddable":true,"href":"https:\/\/mecra.az\/index.php?rest_route=%2Fwp%2Fv2%2Fcomments&post=62540"}],"version-history":[{"count":2,"href":"https:\/\/mecra.az\/index.php?rest_route=\/wp\/v2\/posts\/62540\/revisions"}],"predecessor-version":[{"id":62545,"href":"https:\/\/mecra.az\/index.php?rest_route=\/wp\/v2\/posts\/62540\/revisions\/62545"}],"wp:featuredmedia":[{"embeddable":true,"href":"https:\/\/mecra.az\/index.php?rest_route=\/wp\/v2\/media\/62541"}],"wp:attachment":[{"href":"https:\/\/mecra.az\/index.php?rest_route=%2Fwp%2Fv2%2Fmedia&parent=62540"}],"wp:term":[{"taxonomy":"category","embeddable":true,"href":"https:\/\/mecra.az\/index.php?rest_route=%2Fwp%2Fv2%2Fcategories&post=62540"},{"taxonomy":"post_tag","embeddable":true,"href":"https:\/\/mecra.az\/index.php?rest_route=%2Fwp%2Fv2%2Ftags&post=62540"}],"curies":[{"name":"wp","href":"https:\/\/api.w.org\/{rel}","templated":true}]}}