{"id":62537,"date":"2026-08-31T15:14:41","date_gmt":"2026-08-31T11:14:41","guid":{"rendered":"https:\/\/mecra.az\/?p=62537"},"modified":"2026-08-31T15:14:41","modified_gmt":"2026-08-31T11:14:41","slug":"eliyevl%c9%99-pasinyan-biskekd%c9%99ki-gorusd%c9%99-n%c9%99l%c9%99ri-muzakir%c9%99-etdi","status":"publish","type":"post","link":"https:\/\/mecra.az\/?p=62537","title":{"rendered":"\u018fliyevl\u0259 Pa\u015finyan Bi\u015fkekd\u0259ki g\u00f6r\u00fc\u015fd\u0259 n\u0259l\u0259ri m\u00fczakir\u0259 etdi?"},"content":{"rendered":"<p><strong>Az\u0259rbaycan Prezidenti \u0130lham \u018fliyev Bi\u015fkekd\u0259 \u015eanxay \u018fm\u0259kda\u015fl\u0131q T\u0259\u015fkilat\u0131n\u0131n (\u015e\u018fT) Zirv\u0259 toplant\u0131s\u0131 \u00e7\u0259r\u00e7iv\u0259sind\u0259 bu g\u00fcn Erm\u0259nistan Ba\u015f naziri Nikol Pa\u015finyanla g\u00f6r\u00fc\u015f ke\u00e7irib.<\/strong><\/p>\n<p><a href=\"http:\/\/Mecra.az\"><strong>Mecra.az<\/strong><\/a> x\u0259b\u0259r verir ki, liderl\u0259r 2025-ci il 8 avqust tarixli Va\u015finqton S\u00fclh Zirv\u0259 g\u00f6r\u00fc\u015f\u00fcn\u00fcn, AB\u015e Prezidenti Donald Tramp\u0131n \u015fahidliyi il\u0259 Prezident \u0130lham \u018fliyevin v\u0259 Ba\u015f nazir Nikol Pa\u015finyan\u0131n imzalad\u0131qlar\u0131 Birg\u0259 B\u0259yannam\u0259nin, h\u0259m\u00e7inin \u201cAz\u0259rbaycan Respublikas\u0131 il\u0259 Erm\u0259nistan Respublikas\u0131 aras\u0131nda s\u00fclh\u00fcn v\u0259 d\u00f6vl\u0259tl\u0259raras\u0131 m\u00fcnasib\u0259tl\u0259rin t\u0259sis olunmas\u0131 haqq\u0131nda Sazi\u015f\u201din raz\u0131la\u015fd\u0131r\u0131lm\u0131\u015f m\u0259tninin paraflanmas\u0131n\u0131n tarixi \u0259h\u0259miyy\u0259tini vur\u011fulay\u0131blar.<\/p>\n<p>Az\u0259rbaycan\u0131n neft m\u0259hsullar\u0131n\u0131n Erm\u0259nistana ixrac\u0131, \u00fc\u00e7\u00fcnc\u00fc \u00f6lk\u0259l\u0259rd\u0259n tax\u0131l v\u0259 dig\u0259r \u0259mt\u0259\u0259nin Az\u0259rbaycan \u0259razisi il\u0259 Erm\u0259nistana tranziti, h\u0259m\u00e7inin iki \u00f6lk\u0259 aras\u0131nda ticar\u0259t \u0259laq\u0259l\u0259rinin qurulmas\u0131 s\u00fclh dividendl\u0259rinin m\u00fch\u00fcm \u0259yani t\u0259zah\u00fcr\u00fc kimi qeyd edilib. Liderl\u0259r, h\u0259m\u00e7inin i\u015fg\u00fczar dair\u0259l\u0259r aras\u0131nda t\u0259maslar\u0131 alq\u0131\u015flay\u0131b v\u0259 qar\u015f\u0131l\u0131ql\u0131 faydal\u0131 iqtisadi, ticar\u0259t v\u0259 enerji \u0259m\u0259kda\u015fl\u0131\u011f\u0131n\u0131n daha da geni\u015fl\u0259ndirilm\u0259si imkanlar\u0131 bar\u0259d\u0259 fikir m\u00fcbadil\u0259si apar\u0131blar.<\/p>\n<p>T\u0259r\u0259fl\u0259r Az\u0259rbaycan il\u0259 Erm\u0259nistan\u0131n d\u00f6vl\u0259t s\u0259rh\u0259dinin delimitasiyas\u0131 \u00fczr\u0259 m\u00fcvafiq d\u00f6vl\u0259t komissiyalar\u0131n\u0131n m\u00fch\u00fcm rolunu qeyd edib, onlar\u0131n iki \u00f6lk\u0259 aras\u0131nda \u0259ld\u0259 olunmu\u015f raz\u0131la\u015fmalara uy\u011fun olaraq, \u00f6z i\u015fl\u0259rini davam etdirm\u0259sinin vacibliyini vur\u011fulay\u0131blar.<\/p>\n<p>Liderl\u0259r Va\u015finqton S\u00fclh Zirv\u0259 g\u00f6r\u00fc\u015f\u00fcn\u00fcn m\u00fch\u00fcm n\u0259tic\u0259l\u0259rind\u0259n biri olan \u201cBeyn\u0259lxalq S\u00fclh v\u0259 Rifah namin\u0259 Tramp Mar\u015frutu\u201dnun (TRIPP) h\u0259yata ke\u00e7irilm\u0259si il\u0259 ba\u011fl\u0131 n\u00f6vb\u0259ti praktiki add\u0131mlar bar\u0259d\u0259 m\u00fczakir\u0259 apar\u0131b v\u0259 TRIPP boyunca ba\u011flant\u0131 layih\u0259l\u0259rinin \u0259h\u0259miyy\u0259tini qeyd edibl\u0259r.<\/p>\n<p>Liderl\u0259r parlamentaril\u0259r v\u0259 v\u0259t\u0259nda\u015f c\u0259miyy\u0259ti n\u00fcmay\u0259nd\u0259l\u0259rinin qar\u015f\u0131l\u0131ql\u0131 etimad\u0131n g\u00fccl\u0259ndirilm\u0259si v\u0259 daha geni\u015f s\u00fclh g\u00fcnd\u0259liyinin d\u0259st\u0259kl\u0259nm\u0259sin\u0259 verdikl\u0259ri t\u00f6hf\u0259l\u0259rini qeyd ed\u0259r\u0259k, onlar\u0131n i\u015ftirak\u0131 il\u0259 etimad quruculu\u011fu \u00fczr\u0259 t\u0259maslar\u0131 m\u00fcsb\u0259t d\u0259y\u0259rl\u0259ndiribl\u0259r.<\/p>\n<p>Prezident \u0130lham \u018fliyev v\u0259 Ba\u015f nazir Nikol Pa\u015finyan birba\u015fa ikit\u0259r\u0259fli t\u0259maslar vasit\u0259sil\u0259 davaml\u0131 s\u00fclh\u00fcn daha da m\u00f6hk\u0259ml\u0259ndirilm\u0259si, d\u00f6vl\u0259tl\u0259raras\u0131 m\u00fcnasib\u0259tl\u0259rin normalla\u015fd\u0131r\u0131lmas\u0131 prosesinin ir\u0259lil\u0259dilm\u0259si v\u0259 ba\u011flant\u0131lar\u0131n g\u00fccl\u0259ndirilm\u0259si istiqam\u0259tind\u0259 add\u0131mlar\u0131 davam etdirm\u0259k bar\u0259d\u0259 raz\u0131l\u0131\u011fa g\u0259libl\u0259r (Qafqazinfo).<\/p>\n","protected":false},"excerpt":{"rendered":"<p>Az\u0259rbaycan Prezidenti \u0130lham \u018fliyev Bi\u015fkekd\u0259 \u015eanxay \u018fm\u0259kda\u015fl\u0131q T\u0259\u015fkilat\u0131n\u0131n (\u015e\u018fT) Zirv\u0259 toplant\u0131s\u0131 \u00e7\u0259r\u00e7iv\u0259sind\u0259 bu g\u00fcn Erm\u0259nistan Ba\u015f naziri Nikol Pa\u015finyanla g\u00f6r\u00fc\u015f ke\u00e7irib. Mecra.az x\u0259b\u0259r verir ki, liderl\u0259r 2025-ci il 8 avqust&hellip; <\/p>\n","protected":false},"author":1,"featured_media":62538,"comment_status":"open","ping_status":"open","sticky":false,"template":"","format":"standard","meta":{"footnotes":""},"categories":[1],"tags":[],"class_list":["post-62537","post","type-post","status-publish","format-standard","has-post-thumbnail","hentry","category-manset"],"_links":{"self":[{"href":"https:\/\/mecra.az\/index.php?rest_route=\/wp\/v2\/posts\/62537","targetHints":{"allow":["GET"]}}],"collection":[{"href":"https:\/\/mecra.az\/index.php?rest_route=\/wp\/v2\/posts"}],"about":[{"href":"https:\/\/mecra.az\/index.php?rest_route=\/wp\/v2\/types\/post"}],"author":[{"embeddable":true,"href":"https:\/\/mecra.az\/index.php?rest_route=\/wp\/v2\/users\/1"}],"replies":[{"embeddable":true,"href":"https:\/\/mecra.az\/index.php?rest_route=%2Fwp%2Fv2%2Fcomments&post=62537"}],"version-history":[{"count":1,"href":"https:\/\/mecra.az\/index.php?rest_route=\/wp\/v2\/posts\/62537\/revisions"}],"predecessor-version":[{"id":62539,"href":"https:\/\/mecra.az\/index.php?rest_route=\/wp\/v2\/posts\/62537\/revisions\/62539"}],"wp:featuredmedia":[{"embeddable":true,"href":"https:\/\/mecra.az\/index.php?rest_route=\/wp\/v2\/media\/62538"}],"wp:attachment":[{"href":"https:\/\/mecra.az\/index.php?rest_route=%2Fwp%2Fv2%2Fmedia&parent=62537"}],"wp:term":[{"taxonomy":"category","embeddable":true,"href":"https:\/\/mecra.az\/index.php?rest_route=%2Fwp%2Fv2%2Fcategories&post=62537"},{"taxonomy":"post_tag","embeddable":true,"href":"https:\/\/mecra.az\/index.php?rest_route=%2Fwp%2Fv2%2Ftags&post=62537"}],"curies":[{"name":"wp","href":"https:\/\/api.w.org\/{rel}","templated":true}]}}