{"id":62529,"date":"2026-08-31T14:46:06","date_gmt":"2026-08-31T10:46:06","guid":{"rendered":"https:\/\/mecra.az\/?p=62529"},"modified":"2026-08-31T14:46:06","modified_gmt":"2026-08-31T10:46:06","slug":"ilham-eliyev-pasinyanla-gorusdu-video-fotolar-yenilenib","status":"publish","type":"post","link":"https:\/\/mecra.az\/?p=62529","title":{"rendered":"\u0130lham \u018fliyev Pa\u015finyanla g\u00f6r\u00fc\u015fd\u00fc &#8211; V\u0130DEO &#8211; FOTOLAR &#8211; YEN\u0130L\u018fN\u0130B"},"content":{"rendered":"<div class=\"panel-body news_text\">\n<p><strong>Bir ne\u00e7\u0259 d\u0259qiq\u0259 sonra Az\u0259rbaycan Prezidenti \u0130lham \u018fliyev il\u0259 Erm\u0259nistan\u0131n Ba\u015f naziri Nikol Pa\u015finyan aras\u0131nda g\u00f6r\u00fc\u015f ba\u015f tutacaq.<\/strong><\/p>\n<p><a href=\"http:\/\/Mecra.az\"><strong>Mecra.az<\/strong> <\/a>x\u0259b\u0259r verir ki, g\u00f6r\u00fc\u015f Bi\u015fkekd\u0259 ke\u00e7iril\u0259c\u0259k.<\/p>\n<p><iframe loading=\"lazy\" title=\"frameborder=\" src=\"https:\/\/www.youtube.com\/embed\/EaXlDhYp8IA\" width=\"637\" height=\"400\" allowfullscreen=\"allowfullscreen\" data-mce-fragment=\"1\"><\/iframe><\/p>\n<p>***<\/p>\n<p><strong>Q\u0131r\u011f\u0131z\u0131stan\u0131n paytaxt\u0131 Bi\u015fkek \u015f\u0259h\u0259rind\u0259 Az\u0259rbaycan Prezidenti \u0130lham \u018fliyevin Erm\u0259nistan\u00a0 Ba\u015f naziri Nikol Pa\u015finyan il\u0259 g\u00f6r\u00fc\u015f\u00fcb (Qafqazinfo).<\/strong><\/p>\n<p><iframe loading=\"lazy\" title=\"\u018fliyevl\u0259 Pa\u015finyan Bi\u015fkekd\u0259 g\u00f6r\u00fc\u015fd\u00fc\" src=\"https:\/\/www.youtube.com\/embed\/uCrndf26Nsc\" width=\"567\" height=\"400\" frameborder=\"0\" allowfullscreen=\"allowfullscreen\" data-mce-fragment=\"1\"><\/iframe><\/p>\n<p>&nbsp;<\/p>\n<p>&nbsp;<\/p>\n<div><\/div>\n<div><img decoding=\"async\" class=\"img-responsive\" title=\"\" src=\"https:\/\/qafqazinfo.az\/uploads\/1788168047\/17881679266538828184_1200x630.jpg\" alt=\"\" \/><br \/>\n<img decoding=\"async\" class=\"img-responsive\" title=\"\" src=\"https:\/\/qafqazinfo.az\/uploads\/1788168047\/1788167926321646015_1200x630.jpg\" alt=\"\" \/><br \/>\n<img decoding=\"async\" class=\"img-responsive\" title=\"\" src=\"https:\/\/qafqazinfo.az\/uploads\/1788168047\/17881679261060634596_1200x630.jpeg\" alt=\"\" \/><br \/>\n<img decoding=\"async\" class=\"img-responsive\" title=\"\" src=\"https:\/\/qafqazinfo.az\/uploads\/1788168047\/17881679261646359654_1200x630.jpeg\" alt=\"\" \/><\/div>\n<div><\/div>\n<\/div>\n<div class=\"social-buttons\">\n<i class=\"fa-brands fa-facebook\"><\/i><\/div>\n","protected":false},"excerpt":{"rendered":"<p>Bir ne\u00e7\u0259 d\u0259qiq\u0259 sonra Az\u0259rbaycan Prezidenti \u0130lham \u018fliyev il\u0259 Erm\u0259nistan\u0131n Ba\u015f naziri Nikol Pa\u015finyan aras\u0131nda g\u00f6r\u00fc\u015f ba\u015f tutacaq. Mecra.az x\u0259b\u0259r verir ki, g\u00f6r\u00fc\u015f Bi\u015fkekd\u0259 ke\u00e7iril\u0259c\u0259k. *** Q\u0131r\u011f\u0131z\u0131stan\u0131n paytaxt\u0131 Bi\u015fkek \u015f\u0259h\u0259rind\u0259&hellip; <\/p>\n","protected":false},"author":1,"featured_media":62530,"comment_status":"open","ping_status":"open","sticky":false,"template":"","format":"standard","meta":{"footnotes":""},"categories":[1],"tags":[],"class_list":["post-62529","post","type-post","status-publish","format-standard","has-post-thumbnail","hentry","category-manset"],"_links":{"self":[{"href":"https:\/\/mecra.az\/index.php?rest_route=\/wp\/v2\/posts\/62529","targetHints":{"allow":["GET"]}}],"collection":[{"href":"https:\/\/mecra.az\/index.php?rest_route=\/wp\/v2\/posts"}],"about":[{"href":"https:\/\/mecra.az\/index.php?rest_route=\/wp\/v2\/types\/post"}],"author":[{"embeddable":true,"href":"https:\/\/mecra.az\/index.php?rest_route=\/wp\/v2\/users\/1"}],"replies":[{"embeddable":true,"href":"https:\/\/mecra.az\/index.php?rest_route=%2Fwp%2Fv2%2Fcomments&post=62529"}],"version-history":[{"count":1,"href":"https:\/\/mecra.az\/index.php?rest_route=\/wp\/v2\/posts\/62529\/revisions"}],"predecessor-version":[{"id":62531,"href":"https:\/\/mecra.az\/index.php?rest_route=\/wp\/v2\/posts\/62529\/revisions\/62531"}],"wp:featuredmedia":[{"embeddable":true,"href":"https:\/\/mecra.az\/index.php?rest_route=\/wp\/v2\/media\/62530"}],"wp:attachment":[{"href":"https:\/\/mecra.az\/index.php?rest_route=%2Fwp%2Fv2%2Fmedia&parent=62529"}],"wp:term":[{"taxonomy":"category","embeddable":true,"href":"https:\/\/mecra.az\/index.php?rest_route=%2Fwp%2Fv2%2Fcategories&post=62529"},{"taxonomy":"post_tag","embeddable":true,"href":"https:\/\/mecra.az\/index.php?rest_route=%2Fwp%2Fv2%2Ftags&post=62529"}],"curies":[{"name":"wp","href":"https:\/\/api.w.org\/{rel}","templated":true}]}}