{"id":62519,"date":"2026-08-31T11:56:26","date_gmt":"2026-08-31T07:56:26","guid":{"rendered":"https:\/\/mecra.az\/?p=62519"},"modified":"2026-08-31T11:56:26","modified_gmt":"2026-08-31T07:56:26","slug":"dtx-nin-saxladigi-sabiq-icra-bascisindan-x%c9%99b%c9%99r-var","status":"publish","type":"post","link":"https:\/\/mecra.az\/?p=62519","title":{"rendered":"DTX-nin saxlad\u0131\u011f\u0131 sabiq icra ba\u015f\u00e7\u0131s\u0131ndan x\u0259b\u0259r <span class=\"mecra-highlight\" style=\"color:#ff0000;\">var<\/span>"},"content":{"rendered":"<p><strong>D\u00f6vl\u0259t T\u0259hl\u00fck\u0259sizliyi Xidm\u0259tinin (DTX) Balak\u0259n Rayon \u0130cra Hakimiyy\u0259tind\u0259 ke\u00e7irdiyi \u0259m\u0259liyyat zaman\u0131 saxlan\u0131lan sabiq icra ba\u015f\u00e7\u0131s\u0131 \u0130slam Rzayevin bar\u0259sind\u0259 se\u00e7ilmi\u015f h\u0259bs q\u0259timkan t\u0259dbirinin m\u00fcdd\u0259ti uzad\u0131l\u0131b.<\/strong><\/p>\n<p><a href=\"http:\/\/Mecra.az\"><strong>Mecra.az<\/strong><\/a> x\u0259b\u0259r verir ki, S\u0259bail rayon M\u0259hk\u0259m\u0259sind\u0259 istintaq orqan\u0131n\u0131n t\u0259qdimat\u0131na bax\u0131l\u0131b. \u0130slam Rzayev bar\u0259sind\u0259 se\u00e7ilmi\u015f h\u0259bs q\u0259timkan t\u0259dbirinin daha 3 ay m\u00fcdd\u0259t\u0259 uzad\u0131lmas\u0131 bar\u0259d\u0259 q\u0259rar q\u0259bul edilib.<\/p>\n<p>Qeyd ed\u0259k ki, sabiq icra ba\u015f\u00e7\u0131s\u0131 \u00f6t\u0259n ilin oktyabr ay\u0131nda h\u0259bs olunub, ona Cinay\u0259t M\u0259c\u0259ll\u0259sinin 179.3.2 (k\u00fclli miqdarda m\u0259nims\u0259m\u0259) v\u0259 311.3.2 (t\u0259krar r\u00fc\u015fv\u0259t alma) madd\u0259l\u0259ri \u00fczr\u0259 ittiham ir\u0259li s\u00fcr\u00fcl\u00fcb.<\/p>\n<p>\u0130slam Rzayev oktyabr\u0131n 30-da Balak\u0259n Rayon \u0130cra Hakimiyy\u0259tinin ba\u015f\u00e7\u0131s\u0131 v\u0259zif\u0259sind\u0259n azad edilib.\/apa<\/p>\n","protected":false},"excerpt":{"rendered":"<p>D\u00f6vl\u0259t T\u0259hl\u00fck\u0259sizliyi Xidm\u0259tinin (DTX) Balak\u0259n Rayon \u0130cra Hakimiyy\u0259tind\u0259 ke\u00e7irdiyi \u0259m\u0259liyyat zaman\u0131 saxlan\u0131lan sabiq icra ba\u015f\u00e7\u0131s\u0131 \u0130slam Rzayevin bar\u0259sind\u0259 se\u00e7ilmi\u015f h\u0259bs q\u0259timkan t\u0259dbirinin m\u00fcdd\u0259ti uzad\u0131l\u0131b. Mecra.az x\u0259b\u0259r verir ki, S\u0259bail rayon&hellip; <\/p>\n","protected":false},"author":1,"featured_media":62520,"comment_status":"open","ping_status":"open","sticky":false,"template":"","format":"standard","meta":{"footnotes":""},"categories":[59],"tags":[],"class_list":["post-62519","post","type-post","status-publish","format-standard","has-post-thumbnail","hentry","category-kriminal"],"_links":{"self":[{"href":"https:\/\/mecra.az\/index.php?rest_route=\/wp\/v2\/posts\/62519","targetHints":{"allow":["GET"]}}],"collection":[{"href":"https:\/\/mecra.az\/index.php?rest_route=\/wp\/v2\/posts"}],"about":[{"href":"https:\/\/mecra.az\/index.php?rest_route=\/wp\/v2\/types\/post"}],"author":[{"embeddable":true,"href":"https:\/\/mecra.az\/index.php?rest_route=\/wp\/v2\/users\/1"}],"replies":[{"embeddable":true,"href":"https:\/\/mecra.az\/index.php?rest_route=%2Fwp%2Fv2%2Fcomments&post=62519"}],"version-history":[{"count":1,"href":"https:\/\/mecra.az\/index.php?rest_route=\/wp\/v2\/posts\/62519\/revisions"}],"predecessor-version":[{"id":62521,"href":"https:\/\/mecra.az\/index.php?rest_route=\/wp\/v2\/posts\/62519\/revisions\/62521"}],"wp:featuredmedia":[{"embeddable":true,"href":"https:\/\/mecra.az\/index.php?rest_route=\/wp\/v2\/media\/62520"}],"wp:attachment":[{"href":"https:\/\/mecra.az\/index.php?rest_route=%2Fwp%2Fv2%2Fmedia&parent=62519"}],"wp:term":[{"taxonomy":"category","embeddable":true,"href":"https:\/\/mecra.az\/index.php?rest_route=%2Fwp%2Fv2%2Fcategories&post=62519"},{"taxonomy":"post_tag","embeddable":true,"href":"https:\/\/mecra.az\/index.php?rest_route=%2Fwp%2Fv2%2Ftags&post=62519"}],"curies":[{"name":"wp","href":"https:\/\/api.w.org\/{rel}","templated":true}]}}