{"id":62509,"date":"2026-08-31T11:26:41","date_gmt":"2026-08-31T07:26:41","guid":{"rendered":"https:\/\/mecra.az\/?p=62509"},"modified":"2026-08-31T11:26:41","modified_gmt":"2026-08-31T07:26:41","slug":"bu-%c9%99razil%c9%99r%c9%99-yagis-yagir-faktiki-hava-2","status":"publish","type":"post","link":"https:\/\/mecra.az\/?p=62509","title":{"rendered":"Bu \u0259razil\u0259r\u0259 ya\u011f\u0131\u015f ya\u011f\u0131r &#8211; <span class=\"mecra-highlight\" style=\"color:#ff0000;\">Faktiki hava<\/span>"},"content":{"rendered":"<p><strong>Az\u0259rbaycanda m\u00fc\u015fahid\u0259 olunan faktiki hava a\u00e7\u0131qlan\u0131b.<\/strong><\/p>\n<p><a href=\"http:\/\/Mecra.az\"><strong>Mecra.az<\/strong><\/a> x\u0259b\u0259r verir ki, Milli Hidrometeorologiya Xidm\u0259tind\u0259n veril\u0259n m\u0259lumata g\u00f6r\u0259, \u00f6lk\u0259 \u0259razisinin b\u0259zi yerl\u0259rind\u0259 qeyri-sabit, ya\u011f\u0131nt\u0131l\u0131 hava \u015f\u0259raiti davam edir.<\/p>\n<p>Ayr\u0131-ayr\u0131 yerl\u0259rd\u0259 ya\u011f\u0131nt\u0131lar leysan xarakterlidir.<\/p>\n<p>D\u00fc\u015f\u0259n ya\u011f\u0131nt\u0131n\u0131n miqdar\u0131 Qusarda 8, Balak\u0259n, Qobustanda 5, \u015eahbuzda 4, Beyl\u0259qan, \u0130mi\u015fli, K\u00fcrd\u0259mir, O\u011fuz, Q\u0259b\u0259l\u0259, L\u0259nk\u0259ran, Lerik, \u015eamax\u0131da 3, \u0130smay\u0131ll\u0131, Alt\u0131a\u011fac, Z\u0259rdab, \u015eu\u015fa, Bak\u0131 v\u0259 Ab\u015feron yar\u0131madas\u0131nda 2, Nax\u00e7\u0131van, Culfa, Ordubad, G\u0259d\u0259b\u0259y, G\u0259nc\u0259, Naftalan, \u015e\u0259mkir, A\u011fstafa, Tovuz, Qax, Zaqatala, \u015e\u0259ki, Quba, Xa\u00e7maz, X\u0131nal\u0131q, \u015eabran, \u015eahda\u011f, T\u0259rt\u0259r, B\u0259rd\u0259, Ming\u0259\u00e7evir, Yevlax, G\u00f6y\u00e7ay, Sabirabad, Neft\u00e7ala, Bil\u0259suvar, Yard\u0131ml\u0131, Astara, Z\u0259ngilan, K\u0259lb\u0259c\u0259r, F\u00fczuli, A\u011fdamda 1 mm-d\u0259k qeyd\u0259 al\u0131n\u0131b.<\/p>\n","protected":false},"excerpt":{"rendered":"<p>Az\u0259rbaycanda m\u00fc\u015fahid\u0259 olunan faktiki hava a\u00e7\u0131qlan\u0131b. Mecra.az x\u0259b\u0259r verir ki, Milli Hidrometeorologiya Xidm\u0259tind\u0259n veril\u0259n m\u0259lumata g\u00f6r\u0259, \u00f6lk\u0259 \u0259razisinin b\u0259zi yerl\u0259rind\u0259 qeyri-sabit, ya\u011f\u0131nt\u0131l\u0131 hava \u015f\u0259raiti davam edir. Ayr\u0131-ayr\u0131 yerl\u0259rd\u0259 ya\u011f\u0131nt\u0131lar leysan&hellip; <\/p>\n","protected":false},"author":1,"featured_media":55285,"comment_status":"open","ping_status":"open","sticky":false,"template":"","format":"standard","meta":{"footnotes":""},"categories":[74],"tags":[],"class_list":["post-62509","post","type-post","status-publish","format-standard","has-post-thumbnail","hentry","category-cmiyyt"],"_links":{"self":[{"href":"https:\/\/mecra.az\/index.php?rest_route=\/wp\/v2\/posts\/62509","targetHints":{"allow":["GET"]}}],"collection":[{"href":"https:\/\/mecra.az\/index.php?rest_route=\/wp\/v2\/posts"}],"about":[{"href":"https:\/\/mecra.az\/index.php?rest_route=\/wp\/v2\/types\/post"}],"author":[{"embeddable":true,"href":"https:\/\/mecra.az\/index.php?rest_route=\/wp\/v2\/users\/1"}],"replies":[{"embeddable":true,"href":"https:\/\/mecra.az\/index.php?rest_route=%2Fwp%2Fv2%2Fcomments&post=62509"}],"version-history":[{"count":1,"href":"https:\/\/mecra.az\/index.php?rest_route=\/wp\/v2\/posts\/62509\/revisions"}],"predecessor-version":[{"id":62510,"href":"https:\/\/mecra.az\/index.php?rest_route=\/wp\/v2\/posts\/62509\/revisions\/62510"}],"wp:featuredmedia":[{"embeddable":true,"href":"https:\/\/mecra.az\/index.php?rest_route=\/wp\/v2\/media\/55285"}],"wp:attachment":[{"href":"https:\/\/mecra.az\/index.php?rest_route=%2Fwp%2Fv2%2Fmedia&parent=62509"}],"wp:term":[{"taxonomy":"category","embeddable":true,"href":"https:\/\/mecra.az\/index.php?rest_route=%2Fwp%2Fv2%2Fcategories&post=62509"},{"taxonomy":"post_tag","embeddable":true,"href":"https:\/\/mecra.az\/index.php?rest_route=%2Fwp%2Fv2%2Ftags&post=62509"}],"curies":[{"name":"wp","href":"https:\/\/api.w.org\/{rel}","templated":true}]}}